{"id":6191,"date":"2024-09-06T21:34:16","date_gmt":"2024-09-06T21:34:16","guid":{"rendered":""},"modified":"-0001-11-30T00:00:00","modified_gmt":"-0001-11-29T21:00:00","slug":"ehtiyac-igidi-de-sarsidar","status":"publish","type":"post","link":"https:\/\/nedir.az\/atalar-sozleri\/ehtiyac-igidi-de-sarsidar-atalar-sozunun-menasi-nedir","title":{"rendered":"Ehtiyac \u0130gidi d\u0259 Sars\u0131dar"},"content":{"rendered":"<p>&#8220;ehtiyac igidi d\u0259 sars\u0131dar&#8221; atalar s\u00f6z\u00fc, insan\u0131n ehtiyaclar\u0131n\u0131n, ist\u0259kl\u0259rinin v\u0259 t\u0259l\u0259bl\u0259rinin g\u00fccl\u00fc oldu\u011funu, bu ehtiyaclar\u0131n insan\u0131 \u00e7\u0259tin v\u0259ziyy\u0259tl\u0259r\u0259 sald\u0131\u011f\u0131n\u0131 ifad\u0259 edir. Bu s\u00f6z, insanlar\u0131n \u00e7\u0259tinlikl\u0259r qar\u015f\u0131s\u0131nda nec\u0259 reaksiya verdikl\u0259rini v\u0259 ehtiyaclar\u0131n onlar\u0131 nec\u0259 motivasiya etdiyini vur\u011fulay\u0131r. Ehtiyaclar, b\u0259z\u0259n insanlar\u0131 g\u00f6zl\u0259nilm\u0259z v\u0259 s\u0259rt q\u0259rarlar verm\u0259y\u0259, ya da \u00e7\u0259tin v\u0259ziyy\u0259tl\u0259rd\u0259 m\u00fcbariz\u0259 aparma\u011fa m\u0259cbur ed\u0259 bil\u0259r. Bu atalar s\u00f6z\u00fc, insan\u0131n ehtiyaclar\u0131n\u0131n onun davran\u0131\u015flar\u0131na v\u0259 q\u0259rarlar\u0131na t\u0259sir etdiyini g\u00f6st\u0259rir.<\/p>\n<p><b>Q\u0131sa M\u0259nas\u0131<\/b><br \/>\u0130nsan\u0131n ehtiyaclar\u0131, onu \u00e7\u0259tin v\u0259ziyy\u0259tl\u0259r\u0259 salaraq davran\u0131\u015flar\u0131n\u0131 d\u0259yi\u015fdir\u0259 bil\u0259r.<\/p>\n","protected":false},"excerpt":{"rendered":"<p>&#8220;ehtiyac igidi d\u0259 sars\u0131dar&#8221; atalar s\u00f6z\u00fc, insan\u0131n ehtiyaclar\u0131n\u0131n, ist\u0259kl\u0259rinin v\u0259 t\u0259l\u0259bl\u0259rinin g\u00fccl\u00fc oldu\u011funu, bu ehtiyaclar\u0131n insan\u0131 \u00e7\u0259tin v\u0259ziyy\u0259tl\u0259r\u0259 sald\u0131\u011f\u0131n\u0131 ifad\u0259 edir. Bu s\u00f6z, insanlar\u0131n \u00e7\u0259tinlikl\u0259r qar\u015f\u0131s\u0131nda nec\u0259 reaksiya verdikl\u0259rini v\u0259 ehtiyaclar\u0131n onlar\u0131 nec\u0259 motivasiya etdiyini vur\u011fulay\u0131r. Ehtiyaclar, b\u0259z\u0259n insanlar\u0131 g\u00f6zl\u0259nilm\u0259z v\u0259 s\u0259rt q\u0259rarlar verm\u0259y\u0259, ya da \u00e7\u0259tin v\u0259ziyy\u0259tl\u0259rd\u0259 m\u00fcbariz\u0259 aparma\u011fa m\u0259cbur ed\u0259 bil\u0259r. Bu atalar &#8230; <a title=\"Ehtiyac \u0130gidi d\u0259 Sars\u0131dar\" class=\"read-more\" href=\"https:\/\/nedir.az\/atalar-sozleri\/ehtiyac-igidi-de-sarsidar-atalar-sozunun-menasi-nedir\" aria-label=\"Read more about Ehtiyac \u0130gidi d\u0259 Sars\u0131dar\">Read more<\/a><\/p>\n","protected":false},"author":2,"featured_media":0,"comment_status":"open","ping_status":"open","sticky":false,"template":"","format":"standard","meta":{"footnotes":""},"categories":[1],"tags":[],"class_list":["post-6191","post","type-post","status-publish","format-standard","hentry","category-atalar-sozleri-atalar-sozu"],"aioseo_notices":[],"_links":{"self":[{"href":"https:\/\/nedir.az\/atalar-sozleri\/wp-json\/wp\/v2\/posts\/6191","targetHints":{"allow":["GET"]}}],"collection":[{"href":"https:\/\/nedir.az\/atalar-sozleri\/wp-json\/wp\/v2\/posts"}],"about":[{"href":"https:\/\/nedir.az\/atalar-sozleri\/wp-json\/wp\/v2\/types\/post"}],"author":[{"embeddable":true,"href":"https:\/\/nedir.az\/atalar-sozleri\/wp-json\/wp\/v2\/users\/2"}],"replies":[{"embeddable":true,"href":"https:\/\/nedir.az\/atalar-sozleri\/wp-json\/wp\/v2\/comments?post=6191"}],"version-history":[{"count":0,"href":"https:\/\/nedir.az\/atalar-sozleri\/wp-json\/wp\/v2\/posts\/6191\/revisions"}],"wp:attachment":[{"href":"https:\/\/nedir.az\/atalar-sozleri\/wp-json\/wp\/v2\/media?parent=6191"}],"wp:term":[{"taxonomy":"category","embeddable":true,"href":"https:\/\/nedir.az\/atalar-sozleri\/wp-json\/wp\/v2\/categories?post=6191"},{"taxonomy":"post_tag","embeddable":true,"href":"https:\/\/nedir.az\/atalar-sozleri\/wp-json\/wp\/v2\/tags?post=6191"}],"curies":[{"name":"wp","href":"https:\/\/api.w.org\/{rel}","templated":true}]}}