{"id":6185,"date":"2024-09-06T21:34:15","date_gmt":"2024-09-06T21:34:15","guid":{"rendered":""},"modified":"-0001-11-30T00:00:00","modified_gmt":"-0001-11-29T21:00:00","slug":"dusmen-qarisqa-da-olsa-sen-onu-fil-say","status":"publish","type":"post","link":"https:\/\/nedir.az\/atalar-sozleri\/dusmen-qarisqa-da-olsa-sen-onu-fil-say-atalar-sozunun-menasi-nedir","title":{"rendered":"D\u00fc\u015fm\u0259n Qar\u0131\u015fqa da Olsa, S\u0259n Onu Fil Say"},"content":{"rendered":"<p>\u201cd\u00fc\u015fm\u0259n qar\u0131\u015fqa da olsa, s\u0259n onu fil say\u201d atalar s\u00f6z\u00fc, d\u00fc\u015fm\u0259nl\u0259rin ki\u00e7ik v\u0259 z\u0259if olsa bel\u0259, onlara ciddi yana\u015fma\u011f\u0131, onlar\u0131 ki\u00e7iltm\u0259m\u0259yi t\u00f6vsiy\u0259 edir. Bu s\u00f6z, insanlara d\u00fc\u015fm\u0259nl\u0259rini ki\u00e7ik g\u00f6rm\u0259m\u0259l\u0259ri, onlara qar\u015f\u0131 ehtiyatl\u0131 olmalar\u0131 v\u0259 h\u0259r zaman haz\u0131rl\u0131ql\u0131 olmalar\u0131 laz\u0131m oldu\u011funu bildirir. D\u00fc\u015fm\u0259nl\u0259r, b\u0259z\u0259n g\u00f6zl\u0259nilm\u0259z \u015f\u0259kild\u0259 z\u0259r\u0259r ver\u0259 bil\u0259rl\u0259r, buna g\u00f6r\u0259 d\u0259, onlara qar\u015f\u0131 diqq\u0259tli olmaq vacibdir.<\/p>\n<p><b>Q\u0131sa M\u0259nas\u0131<\/b><br \/> D\u00fc\u015fm\u0259nl\u0259ri ki\u00e7ik g\u00f6rm\u0259m\u0259k, onlara ciddi yana\u015fmaq.<\/p>\n","protected":false},"excerpt":{"rendered":"<p>\u201cd\u00fc\u015fm\u0259n qar\u0131\u015fqa da olsa, s\u0259n onu fil say\u201d atalar s\u00f6z\u00fc, d\u00fc\u015fm\u0259nl\u0259rin ki\u00e7ik v\u0259 z\u0259if olsa bel\u0259, onlara ciddi yana\u015fma\u011f\u0131, onlar\u0131 ki\u00e7iltm\u0259m\u0259yi t\u00f6vsiy\u0259 edir. Bu s\u00f6z, insanlara d\u00fc\u015fm\u0259nl\u0259rini ki\u00e7ik g\u00f6rm\u0259m\u0259l\u0259ri, onlara qar\u015f\u0131 ehtiyatl\u0131 olmalar\u0131 v\u0259 h\u0259r zaman haz\u0131rl\u0131ql\u0131 olmalar\u0131 laz\u0131m oldu\u011funu bildirir. D\u00fc\u015fm\u0259nl\u0259r, b\u0259z\u0259n g\u00f6zl\u0259nilm\u0259z \u015f\u0259kild\u0259 z\u0259r\u0259r ver\u0259 bil\u0259rl\u0259r, buna g\u00f6r\u0259 d\u0259, onlara qar\u015f\u0131 diqq\u0259tli olmaq &#8230; <a title=\"D\u00fc\u015fm\u0259n Qar\u0131\u015fqa da Olsa, S\u0259n Onu Fil Say\" class=\"read-more\" href=\"https:\/\/nedir.az\/atalar-sozleri\/dusmen-qarisqa-da-olsa-sen-onu-fil-say-atalar-sozunun-menasi-nedir\" aria-label=\"Read more about D\u00fc\u015fm\u0259n Qar\u0131\u015fqa da Olsa, S\u0259n Onu Fil Say\">Read more<\/a><\/p>\n","protected":false},"author":2,"featured_media":0,"comment_status":"open","ping_status":"open","sticky":false,"template":"","format":"standard","meta":{"footnotes":""},"categories":[1],"tags":[],"class_list":["post-6185","post","type-post","status-publish","format-standard","hentry","category-atalar-sozleri-atalar-sozu"],"aioseo_notices":[],"_links":{"self":[{"href":"https:\/\/nedir.az\/atalar-sozleri\/wp-json\/wp\/v2\/posts\/6185","targetHints":{"allow":["GET"]}}],"collection":[{"href":"https:\/\/nedir.az\/atalar-sozleri\/wp-json\/wp\/v2\/posts"}],"about":[{"href":"https:\/\/nedir.az\/atalar-sozleri\/wp-json\/wp\/v2\/types\/post"}],"author":[{"embeddable":true,"href":"https:\/\/nedir.az\/atalar-sozleri\/wp-json\/wp\/v2\/users\/2"}],"replies":[{"embeddable":true,"href":"https:\/\/nedir.az\/atalar-sozleri\/wp-json\/wp\/v2\/comments?post=6185"}],"version-history":[{"count":0,"href":"https:\/\/nedir.az\/atalar-sozleri\/wp-json\/wp\/v2\/posts\/6185\/revisions"}],"wp:attachment":[{"href":"https:\/\/nedir.az\/atalar-sozleri\/wp-json\/wp\/v2\/media?parent=6185"}],"wp:term":[{"taxonomy":"category","embeddable":true,"href":"https:\/\/nedir.az\/atalar-sozleri\/wp-json\/wp\/v2\/categories?post=6185"},{"taxonomy":"post_tag","embeddable":true,"href":"https:\/\/nedir.az\/atalar-sozleri\/wp-json\/wp\/v2\/tags?post=6185"}],"curies":[{"name":"wp","href":"https:\/\/api.w.org\/{rel}","templated":true}]}}