{"id":6184,"date":"2024-09-06T21:34:15","date_gmt":"2024-09-06T21:34:15","guid":{"rendered":""},"modified":"-0001-11-30T00:00:00","modified_gmt":"-0001-11-29T21:00:00","slug":"dusmen-cox-olanda-qacmaq-da-merdlikdendir","status":"publish","type":"post","link":"https:\/\/nedir.az\/atalar-sozleri\/dusmen-cox-olanda-qacmaq-da-merdlikdendir-atalar-sozunun-menasi-nedir","title":{"rendered":"D\u00fc\u015fm\u0259n \u00c7ox Olanda Qa\u00e7maq da M\u0259rdlikd\u0259ndir"},"content":{"rendered":"<p>&#8220;d\u00fc\u015fm\u0259n \u00e7ox olanda qa\u00e7maq da m\u0259rdlikd\u0259ndir&#8221; atalar s\u00f6z\u00fcn\u00fcn m\u0259nas\u0131, d\u00fc\u015fm\u0259nl\u0259rin say\u0131 \u00e7ox oldu\u011funda, m\u00fcbariz\u0259 aparmaqdan daha a\u011f\u0131ll\u0131 bir se\u00e7im olaraq geri \u00e7\u0259kilm\u0259nin d\u0259 bir c\u0259sar\u0259t g\u00f6st\u0259ricisi oldu\u011funu vur\u011fulay\u0131r. Bu s\u00f6z, b\u0259z\u0259n m\u00fcbariz\u0259nin qazan\u0131lmas\u0131 \u00fc\u00e7\u00fcn geri \u00e7\u0259kilm\u0259nin, strateji bir q\u0259rar oldu\u011funu ifad\u0259 edir. H\u0259m\u00e7inin, bu atalar s\u00f6z\u00fc, insan\u0131n \u00f6z g\u00fcc\u00fcn\u00fc v\u0259 imkanlar\u0131n\u0131 d\u00fczg\u00fcn qiym\u0259tl\u0259ndirm\u0259sinin vacibliyini, eyni zamanda, t\u0259hl\u00fck\u0259li v\u0259ziyy\u0259tl\u0259rd\u0259 a\u011f\u0131ll\u0131 davranma\u011f\u0131 da t\u00f6vsiy\u0259 edir.<\/p>\n<p><b>Q\u0131sa M\u0259nas\u0131<\/b><br \/> D\u00fc\u015fm\u0259nl\u0259rin say\u0131 \u00e7ox olduqda, geri \u00e7\u0259kilm\u0259k d\u0259 c\u0259sar\u0259t g\u00f6st\u0259ricisi say\u0131l\u0131r.<\/p>\n","protected":false},"excerpt":{"rendered":"<p>&#8220;d\u00fc\u015fm\u0259n \u00e7ox olanda qa\u00e7maq da m\u0259rdlikd\u0259ndir&#8221; atalar s\u00f6z\u00fcn\u00fcn m\u0259nas\u0131, d\u00fc\u015fm\u0259nl\u0259rin say\u0131 \u00e7ox oldu\u011funda, m\u00fcbariz\u0259 aparmaqdan daha a\u011f\u0131ll\u0131 bir se\u00e7im olaraq geri \u00e7\u0259kilm\u0259nin d\u0259 bir c\u0259sar\u0259t g\u00f6st\u0259ricisi oldu\u011funu vur\u011fulay\u0131r. Bu s\u00f6z, b\u0259z\u0259n m\u00fcbariz\u0259nin qazan\u0131lmas\u0131 \u00fc\u00e7\u00fcn geri \u00e7\u0259kilm\u0259nin, strateji bir q\u0259rar oldu\u011funu ifad\u0259 edir. H\u0259m\u00e7inin, bu atalar s\u00f6z\u00fc, insan\u0131n \u00f6z g\u00fcc\u00fcn\u00fc v\u0259 imkanlar\u0131n\u0131 d\u00fczg\u00fcn qiym\u0259tl\u0259ndirm\u0259sinin vacibliyini, eyni &#8230; <a title=\"D\u00fc\u015fm\u0259n \u00c7ox Olanda Qa\u00e7maq da M\u0259rdlikd\u0259ndir\" class=\"read-more\" href=\"https:\/\/nedir.az\/atalar-sozleri\/dusmen-cox-olanda-qacmaq-da-merdlikdendir-atalar-sozunun-menasi-nedir\" aria-label=\"Read more about D\u00fc\u015fm\u0259n \u00c7ox Olanda Qa\u00e7maq da M\u0259rdlikd\u0259ndir\">Read more<\/a><\/p>\n","protected":false},"author":2,"featured_media":0,"comment_status":"open","ping_status":"open","sticky":false,"template":"","format":"standard","meta":{"footnotes":""},"categories":[1],"tags":[],"class_list":["post-6184","post","type-post","status-publish","format-standard","hentry","category-atalar-sozleri-atalar-sozu"],"aioseo_notices":[],"_links":{"self":[{"href":"https:\/\/nedir.az\/atalar-sozleri\/wp-json\/wp\/v2\/posts\/6184","targetHints":{"allow":["GET"]}}],"collection":[{"href":"https:\/\/nedir.az\/atalar-sozleri\/wp-json\/wp\/v2\/posts"}],"about":[{"href":"https:\/\/nedir.az\/atalar-sozleri\/wp-json\/wp\/v2\/types\/post"}],"author":[{"embeddable":true,"href":"https:\/\/nedir.az\/atalar-sozleri\/wp-json\/wp\/v2\/users\/2"}],"replies":[{"embeddable":true,"href":"https:\/\/nedir.az\/atalar-sozleri\/wp-json\/wp\/v2\/comments?post=6184"}],"version-history":[{"count":0,"href":"https:\/\/nedir.az\/atalar-sozleri\/wp-json\/wp\/v2\/posts\/6184\/revisions"}],"wp:attachment":[{"href":"https:\/\/nedir.az\/atalar-sozleri\/wp-json\/wp\/v2\/media?parent=6184"}],"wp:term":[{"taxonomy":"category","embeddable":true,"href":"https:\/\/nedir.az\/atalar-sozleri\/wp-json\/wp\/v2\/categories?post=6184"},{"taxonomy":"post_tag","embeddable":true,"href":"https:\/\/nedir.az\/atalar-sozleri\/wp-json\/wp\/v2\/tags?post=6184"}],"curies":[{"name":"wp","href":"https:\/\/api.w.org\/{rel}","templated":true}]}}