{"id":6183,"date":"2024-09-06T21:34:15","date_gmt":"2024-09-06T21:34:15","guid":{"rendered":""},"modified":"-0001-11-30T00:00:00","modified_gmt":"-0001-11-29T21:00:00","slug":"dunyada-vetenden-eziz-ne-var","status":"publish","type":"post","link":"https:\/\/nedir.az\/atalar-sozleri\/dunyada-vetenden-eziz-ne-var-atalar-sozunun-menasi-nedir","title":{"rendered":"D\u00fcnyada V\u0259t\u0259nd\u0259n \u018fziz N\u0259 Var?"},"content":{"rendered":"<p>\u201cD\u00fcnyada v\u0259t\u0259nd\u0259n \u0259ziz n\u0259 var?\u201d atalar s\u00f6z\u00fc, insan\u0131n v\u0259t\u0259nini, yurdunu, do\u011fma torpa\u011f\u0131n\u0131 \u0259n qiym\u0259tli, \u0259n \u0259ziz \u015feyl\u0259rd\u0259n biri kimi d\u0259y\u0259rl\u0259ndirdiyini ifad\u0259 edir. Bu s\u00f6z, v\u0259t\u0259nin insan\u0131n kimliyind\u0259, m\u0259d\u0259niyy\u0259tind\u0259 v\u0259 h\u0259yat\u0131nda n\u0259 q\u0259d\u0259r \u00f6n\u0259mli oldu\u011funu vur\u011fulay\u0131r. V\u0259t\u0259n, insan\u0131n do\u011fuldu\u011fu, b\u00f6y\u00fcd\u00fcy\u00fc, xatir\u0259l\u0259rinin formala\u015fd\u0131\u011f\u0131 yerdir. Bu s\u0259b\u0259bd\u0259n, insanlar v\u0259t\u0259nl\u0259rini sevm\u0259li, ona sahib \u00e7\u0131xmal\u0131 v\u0259 onun \u00fc\u00e7\u00fcn \u00e7al\u0131\u015fmal\u0131d\u0131rlar. <\/p>\n<p><b>Q\u0131sa M\u0259nas\u0131<\/b><br \/> V\u0259t\u0259n, insan\u0131n \u0259n d\u0259y\u0259rli varl\u0131\u011f\u0131d\u0131r; ona olan sevgi v\u0259 ba\u011fl\u0131l\u0131q \u00f6n\u0259mlidir.<\/p>\n","protected":false},"excerpt":{"rendered":"<p>\u201cD\u00fcnyada v\u0259t\u0259nd\u0259n \u0259ziz n\u0259 var?\u201d atalar s\u00f6z\u00fc, insan\u0131n v\u0259t\u0259nini, yurdunu, do\u011fma torpa\u011f\u0131n\u0131 \u0259n qiym\u0259tli, \u0259n \u0259ziz \u015feyl\u0259rd\u0259n biri kimi d\u0259y\u0259rl\u0259ndirdiyini ifad\u0259 edir. Bu s\u00f6z, v\u0259t\u0259nin insan\u0131n kimliyind\u0259, m\u0259d\u0259niyy\u0259tind\u0259 v\u0259 h\u0259yat\u0131nda n\u0259 q\u0259d\u0259r \u00f6n\u0259mli oldu\u011funu vur\u011fulay\u0131r. V\u0259t\u0259n, insan\u0131n do\u011fuldu\u011fu, b\u00f6y\u00fcd\u00fcy\u00fc, xatir\u0259l\u0259rinin formala\u015fd\u0131\u011f\u0131 yerdir. Bu s\u0259b\u0259bd\u0259n, insanlar v\u0259t\u0259nl\u0259rini sevm\u0259li, ona sahib \u00e7\u0131xmal\u0131 v\u0259 onun \u00fc\u00e7\u00fcn \u00e7al\u0131\u015fmal\u0131d\u0131rlar. Q\u0131sa &#8230; <a title=\"D\u00fcnyada V\u0259t\u0259nd\u0259n \u018fziz N\u0259 Var?\" class=\"read-more\" href=\"https:\/\/nedir.az\/atalar-sozleri\/dunyada-vetenden-eziz-ne-var-atalar-sozunun-menasi-nedir\" aria-label=\"Read more about D\u00fcnyada V\u0259t\u0259nd\u0259n \u018fziz N\u0259 Var?\">Read more<\/a><\/p>\n","protected":false},"author":2,"featured_media":0,"comment_status":"open","ping_status":"open","sticky":false,"template":"","format":"standard","meta":{"footnotes":""},"categories":[1],"tags":[],"class_list":["post-6183","post","type-post","status-publish","format-standard","hentry","category-atalar-sozleri-atalar-sozu"],"aioseo_notices":[],"_links":{"self":[{"href":"https:\/\/nedir.az\/atalar-sozleri\/wp-json\/wp\/v2\/posts\/6183","targetHints":{"allow":["GET"]}}],"collection":[{"href":"https:\/\/nedir.az\/atalar-sozleri\/wp-json\/wp\/v2\/posts"}],"about":[{"href":"https:\/\/nedir.az\/atalar-sozleri\/wp-json\/wp\/v2\/types\/post"}],"author":[{"embeddable":true,"href":"https:\/\/nedir.az\/atalar-sozleri\/wp-json\/wp\/v2\/users\/2"}],"replies":[{"embeddable":true,"href":"https:\/\/nedir.az\/atalar-sozleri\/wp-json\/wp\/v2\/comments?post=6183"}],"version-history":[{"count":0,"href":"https:\/\/nedir.az\/atalar-sozleri\/wp-json\/wp\/v2\/posts\/6183\/revisions"}],"wp:attachment":[{"href":"https:\/\/nedir.az\/atalar-sozleri\/wp-json\/wp\/v2\/media?parent=6183"}],"wp:term":[{"taxonomy":"category","embeddable":true,"href":"https:\/\/nedir.az\/atalar-sozleri\/wp-json\/wp\/v2\/categories?post=6183"},{"taxonomy":"post_tag","embeddable":true,"href":"https:\/\/nedir.az\/atalar-sozleri\/wp-json\/wp\/v2\/tags?post=6183"}],"curies":[{"name":"wp","href":"https:\/\/api.w.org\/{rel}","templated":true}]}}