{"id":6180,"date":"2024-09-06T21:34:15","date_gmt":"2024-09-06T21:34:15","guid":{"rendered":""},"modified":"-0001-11-30T00:00:00","modified_gmt":"-0001-11-29T21:00:00","slug":"dunyani-cevreni-degisenmedin-kendivi-degis","status":"publish","type":"post","link":"https:\/\/nedir.az\/atalar-sozleri\/dunyani-cevreni-degisenmedin-kendivi-degis-atalar-sozunun-menasi-nedir","title":{"rendered":"D\u00fcnyan\u0131, \u00c7evr\u0259ni D\u0259\u011fi\u015f\u0259nm\u0259din, K\u0259ndivi D\u0259\u011fi\u015f!"},"content":{"rendered":"<p>&#8220;d\u00fcnyan\u0131, \u00e7evr\u0259ni d\u0259\u011fi\u015f\u0259nm\u0259din, k\u0259ndivi d\u0259\u011fi\u015f!&#8221; atalar s\u00f6z\u00fcn\u00fcn m\u0259nas\u0131, insan\u0131n \u00f6z h\u0259yat\u0131n\u0131, davran\u0131\u015flar\u0131n\u0131 v\u0259 d\u00fc\u015f\u00fcnc\u0259l\u0259rini d\u0259yi\u015fdirm\u0259d\u0259n, xarici m\u00fchitin d\u0259yi\u015fm\u0259sini g\u00f6zl\u0259m\u0259sinin m\u0259nas\u0131z oldu\u011funu vur\u011fulay\u0131r. Bu atalar s\u00f6z\u00fc, insanlara \u00f6zl\u0259rini inki\u015faf etdirm\u0259l\u0259ri, d\u0259yi\u015fm\u0259l\u0259ri v\u0259 m\u00fcsb\u0259t d\u0259yi\u015fiklikl\u0259r \u00fc\u00e7\u00fcn ilk add\u0131m\u0131 atma\u011f\u0131 t\u00f6vsiy\u0259 edir. Y\u0259ni, \u0259g\u0259r insan ist\u0259diyi n\u0259tic\u0259l\u0259ri \u0259ld\u0259 etm\u0259k ist\u0259yirs\u0259, \u0259vv\u0259lc\u0259 \u00f6z\u00fcn\u00fc d\u0259yi\u015fm\u0259lidir.<\/p>\n<p><b>Q\u0131sa M\u0259nas\u0131<\/b><br \/> \u00d6z\u00fcn\u00fc d\u0259yi\u015fm\u0259d\u0259n xarici m\u00fchiti d\u0259yi\u015fdirm\u0259k m\u00fcmk\u00fcn deyil.<\/p>\n","protected":false},"excerpt":{"rendered":"<p>&#8220;d\u00fcnyan\u0131, \u00e7evr\u0259ni d\u0259\u011fi\u015f\u0259nm\u0259din, k\u0259ndivi d\u0259\u011fi\u015f!&#8221; atalar s\u00f6z\u00fcn\u00fcn m\u0259nas\u0131, insan\u0131n \u00f6z h\u0259yat\u0131n\u0131, davran\u0131\u015flar\u0131n\u0131 v\u0259 d\u00fc\u015f\u00fcnc\u0259l\u0259rini d\u0259yi\u015fdirm\u0259d\u0259n, xarici m\u00fchitin d\u0259yi\u015fm\u0259sini g\u00f6zl\u0259m\u0259sinin m\u0259nas\u0131z oldu\u011funu vur\u011fulay\u0131r. Bu atalar s\u00f6z\u00fc, insanlara \u00f6zl\u0259rini inki\u015faf etdirm\u0259l\u0259ri, d\u0259yi\u015fm\u0259l\u0259ri v\u0259 m\u00fcsb\u0259t d\u0259yi\u015fiklikl\u0259r \u00fc\u00e7\u00fcn ilk add\u0131m\u0131 atma\u011f\u0131 t\u00f6vsiy\u0259 edir. Y\u0259ni, \u0259g\u0259r insan ist\u0259diyi n\u0259tic\u0259l\u0259ri \u0259ld\u0259 etm\u0259k ist\u0259yirs\u0259, \u0259vv\u0259lc\u0259 \u00f6z\u00fcn\u00fc d\u0259yi\u015fm\u0259lidir. Q\u0131sa M\u0259nas\u0131 \u00d6z\u00fcn\u00fc d\u0259yi\u015fm\u0259d\u0259n xarici &#8230; <a title=\"D\u00fcnyan\u0131, \u00c7evr\u0259ni D\u0259\u011fi\u015f\u0259nm\u0259din, K\u0259ndivi D\u0259\u011fi\u015f!\" class=\"read-more\" href=\"https:\/\/nedir.az\/atalar-sozleri\/dunyani-cevreni-degisenmedin-kendivi-degis-atalar-sozunun-menasi-nedir\" aria-label=\"Read more about D\u00fcnyan\u0131, \u00c7evr\u0259ni D\u0259\u011fi\u015f\u0259nm\u0259din, K\u0259ndivi D\u0259\u011fi\u015f!\">Read more<\/a><\/p>\n","protected":false},"author":2,"featured_media":0,"comment_status":"open","ping_status":"open","sticky":false,"template":"","format":"standard","meta":{"footnotes":""},"categories":[1],"tags":[],"class_list":["post-6180","post","type-post","status-publish","format-standard","hentry","category-atalar-sozleri-atalar-sozu"],"aioseo_notices":[],"_links":{"self":[{"href":"https:\/\/nedir.az\/atalar-sozleri\/wp-json\/wp\/v2\/posts\/6180","targetHints":{"allow":["GET"]}}],"collection":[{"href":"https:\/\/nedir.az\/atalar-sozleri\/wp-json\/wp\/v2\/posts"}],"about":[{"href":"https:\/\/nedir.az\/atalar-sozleri\/wp-json\/wp\/v2\/types\/post"}],"author":[{"embeddable":true,"href":"https:\/\/nedir.az\/atalar-sozleri\/wp-json\/wp\/v2\/users\/2"}],"replies":[{"embeddable":true,"href":"https:\/\/nedir.az\/atalar-sozleri\/wp-json\/wp\/v2\/comments?post=6180"}],"version-history":[{"count":0,"href":"https:\/\/nedir.az\/atalar-sozleri\/wp-json\/wp\/v2\/posts\/6180\/revisions"}],"wp:attachment":[{"href":"https:\/\/nedir.az\/atalar-sozleri\/wp-json\/wp\/v2\/media?parent=6180"}],"wp:term":[{"taxonomy":"category","embeddable":true,"href":"https:\/\/nedir.az\/atalar-sozleri\/wp-json\/wp\/v2\/categories?post=6180"},{"taxonomy":"post_tag","embeddable":true,"href":"https:\/\/nedir.az\/atalar-sozleri\/wp-json\/wp\/v2\/tags?post=6180"}],"curies":[{"name":"wp","href":"https:\/\/api.w.org\/{rel}","templated":true}]}}