{"id":6179,"date":"2024-09-06T21:34:15","date_gmt":"2024-09-06T21:34:15","guid":{"rendered":""},"modified":"-0001-11-30T00:00:00","modified_gmt":"-0001-11-29T21:00:00","slug":"dunyani-yigdirar-sene-sonda-salar-elden-geder-yalan-dunya","status":"publish","type":"post","link":"https:\/\/nedir.az\/atalar-sozleri\/dunyani-yigdirar-sene-sonda-salar-elden-geder-yalan-dunya-atalar-sozunun-menasi-nedir","title":{"rendered":"D\u00fcnyan\u0131 Y\u0131\u011fd\u0131rar S\u0259n\u0259, Sonda Salar \u018fld\u0259n Ged\u0259r. (yalan D\u00fcnya)"},"content":{"rendered":"<p>&#8220;d\u00fcnyan\u0131 y\u0131\u011fd\u0131rar s\u0259n\u0259, sonda salar \u0259ld\u0259n ged\u0259r. (yalan d\u00fcnya)&#8221; atalar s\u00f6z\u00fcn\u00fcn m\u0259nas\u0131, insan\u0131n h\u0259yatda \u0259ld\u0259 etdiyi m\u00fcv\u0259ff\u0259qiyy\u0259tl\u0259rin, z\u0259nginlikl\u0259rin v\u0259 ya g\u00f6z\u0259l anlar\u0131n ke\u00e7ici oldu\u011funu vur\u011fulay\u0131r. Bu s\u00f6z, insanlar\u0131 d\u00fcnya mal\u0131na, m\u00fcv\u0259qq\u0259ti \u015feyl\u0259r\u0259 \u00e7ox ba\u011flanmama\u011fa, \u0259sl d\u0259y\u0259rin v\u0259 \u0259h\u0259miyy\u0259tin daha d\u0259rin, m\u0259n\u0259vi \u015feyl\u0259rd\u0259 oldu\u011funu xat\u0131rlatmaq m\u0259qs\u0259dini g\u00fcd\u00fcr. H\u0259yat\u0131n m\u00fcv\u0259qq\u0259ti oldu\u011funu, insan\u0131n bu d\u00fcnyada ya\u015fad\u0131\u011f\u0131 anlar\u0131n, \u0259ld\u0259 etdiyi \u015feyl\u0259rin bir g\u00fcn sona \u00e7ataca\u011f\u0131n\u0131 ifad\u0259 edir.<\/p>\n<p><b>Q\u0131sa M\u0259nas\u0131<\/b><br \/> \u0130nsan h\u0259yatda \u0259ld\u0259 etdiyi \u015feyl\u0259rin m\u00fcv\u0259qq\u0259ti oldu\u011funu, \u0259sl d\u0259y\u0259rin m\u0259n\u0259vi \u015feyl\u0259rd\u0259 oldu\u011funu vur\u011fulay\u0131r.<\/p>\n","protected":false},"excerpt":{"rendered":"<p>&#8220;d\u00fcnyan\u0131 y\u0131\u011fd\u0131rar s\u0259n\u0259, sonda salar \u0259ld\u0259n ged\u0259r. (yalan d\u00fcnya)&#8221; atalar s\u00f6z\u00fcn\u00fcn m\u0259nas\u0131, insan\u0131n h\u0259yatda \u0259ld\u0259 etdiyi m\u00fcv\u0259ff\u0259qiyy\u0259tl\u0259rin, z\u0259nginlikl\u0259rin v\u0259 ya g\u00f6z\u0259l anlar\u0131n ke\u00e7ici oldu\u011funu vur\u011fulay\u0131r. Bu s\u00f6z, insanlar\u0131 d\u00fcnya mal\u0131na, m\u00fcv\u0259qq\u0259ti \u015feyl\u0259r\u0259 \u00e7ox ba\u011flanmama\u011fa, \u0259sl d\u0259y\u0259rin v\u0259 \u0259h\u0259miyy\u0259tin daha d\u0259rin, m\u0259n\u0259vi \u015feyl\u0259rd\u0259 oldu\u011funu xat\u0131rlatmaq m\u0259qs\u0259dini g\u00fcd\u00fcr. H\u0259yat\u0131n m\u00fcv\u0259qq\u0259ti oldu\u011funu, insan\u0131n bu d\u00fcnyada ya\u015fad\u0131\u011f\u0131 anlar\u0131n, \u0259ld\u0259 &#8230; <a title=\"D\u00fcnyan\u0131 Y\u0131\u011fd\u0131rar S\u0259n\u0259, Sonda Salar \u018fld\u0259n Ged\u0259r. (yalan D\u00fcnya)\" class=\"read-more\" href=\"https:\/\/nedir.az\/atalar-sozleri\/dunyani-yigdirar-sene-sonda-salar-elden-geder-yalan-dunya-atalar-sozunun-menasi-nedir\" aria-label=\"Read more about D\u00fcnyan\u0131 Y\u0131\u011fd\u0131rar S\u0259n\u0259, Sonda Salar \u018fld\u0259n Ged\u0259r. (yalan D\u00fcnya)\">Read more<\/a><\/p>\n","protected":false},"author":2,"featured_media":0,"comment_status":"open","ping_status":"open","sticky":false,"template":"","format":"standard","meta":{"footnotes":""},"categories":[1],"tags":[],"class_list":["post-6179","post","type-post","status-publish","format-standard","hentry","category-atalar-sozleri-atalar-sozu"],"aioseo_notices":[],"_links":{"self":[{"href":"https:\/\/nedir.az\/atalar-sozleri\/wp-json\/wp\/v2\/posts\/6179","targetHints":{"allow":["GET"]}}],"collection":[{"href":"https:\/\/nedir.az\/atalar-sozleri\/wp-json\/wp\/v2\/posts"}],"about":[{"href":"https:\/\/nedir.az\/atalar-sozleri\/wp-json\/wp\/v2\/types\/post"}],"author":[{"embeddable":true,"href":"https:\/\/nedir.az\/atalar-sozleri\/wp-json\/wp\/v2\/users\/2"}],"replies":[{"embeddable":true,"href":"https:\/\/nedir.az\/atalar-sozleri\/wp-json\/wp\/v2\/comments?post=6179"}],"version-history":[{"count":0,"href":"https:\/\/nedir.az\/atalar-sozleri\/wp-json\/wp\/v2\/posts\/6179\/revisions"}],"wp:attachment":[{"href":"https:\/\/nedir.az\/atalar-sozleri\/wp-json\/wp\/v2\/media?parent=6179"}],"wp:term":[{"taxonomy":"category","embeddable":true,"href":"https:\/\/nedir.az\/atalar-sozleri\/wp-json\/wp\/v2\/categories?post=6179"},{"taxonomy":"post_tag","embeddable":true,"href":"https:\/\/nedir.az\/atalar-sozleri\/wp-json\/wp\/v2\/tags?post=6179"}],"curies":[{"name":"wp","href":"https:\/\/api.w.org\/{rel}","templated":true}]}}