{"id":6178,"date":"2024-09-06T21:34:15","date_gmt":"2024-09-06T21:34:15","guid":{"rendered":""},"modified":"-0001-11-30T00:00:00","modified_gmt":"-0001-11-29T21:00:00","slug":"dunyani-tutma-aga-qariya-yasamda-dadli-gelir-agiya-dirseldib-yere-cirpmaqdansa-otur-ozu-bulsun-yaxi-yariya","status":"publish","type":"post","link":"https:\/\/nedir.az\/atalar-sozleri\/dunyani-tutma-aga-qariya-yasamda-dadli-gelir-agiya-dirseldib-yere-cirpmaqdansa-otur-ozu-bulsun-yaxi-yariya-atalar-sozunun-menasi-nedir","title":{"rendered":"D\u00fcnyan\u0131 Tutma A\u011fa Qar\u0131ya, Ya\u015famda Dadl\u0131 G\u0259lir A\u011f\u0131ya, Dirs\u0259ldib Yer\u0259 \u00c7\u0131rpmaqdansa, \u00d6t\u00fcr \u00d6z\u00fc Bulsun Yax\u0131 Yar\u0131ya"},"content":{"rendered":"<p>&#8220;d\u00fcnyan\u0131 tutma a\u011fa qar\u0131ya, ya\u015famda dadl\u0131 g\u0259lir a\u011f\u0131ya, dirs\u0259ldib yer\u0259 \u00e7\u0131rpmaqdansa, \u00f6t\u00fcr \u00f6z\u00fc bulsun yax\u0131 yar\u0131ya&#8221; atalar s\u00f6z\u00fc, insanlara ba\u015fqalar\u0131n\u0131n i\u015fl\u0259rin\u0259 qar\u0131\u015fmama\u011f\u0131, \u00f6z i\u015fl\u0259rin\u0259 fokuslanma\u011f\u0131 v\u0259 ba\u015fqalar\u0131n\u0131n se\u00e7iml\u0259rin\u0259 h\u00f6rm\u0259t etm\u0259yi t\u00f6vsiy\u0259 edir. Bu s\u00f6z, insanlar\u0131n \u00f6z h\u0259yatlar\u0131n\u0131 ya\u015famaqda azad olduqlar\u0131n\u0131, ba\u015fqalar\u0131n\u0131n se\u00e7iml\u0259rin\u0259 m\u00fcdaxil\u0259 etm\u0259m\u0259yin daha d\u00fczg\u00fcn oldu\u011funu vur\u011fulay\u0131r. H\u0259m\u00e7inin, ba\u015fqalar\u0131n\u0131n u\u011furlar\u0131n\u0131 v\u0259 ya u\u011fursuzluqlar\u0131n\u0131 \u00f6z h\u0259yatlar\u0131na t\u0259sir etm\u0259d\u0259n q\u0259bul etm\u0259yin \u0259h\u0259miyy\u0259tini bildirir.<\/p>\n<p><b>Q\u0131sa M\u0259nas\u0131<\/b><br \/>Bu atalar s\u00f6z\u00fc, ba\u015fqalar\u0131n\u0131n i\u015fl\u0259rin\u0259 qar\u0131\u015fmama\u011f\u0131 v\u0259 \u00f6z h\u0259yat\u0131na fokuslanma\u011f\u0131 t\u00f6vsiy\u0259 edir.<\/p>\n","protected":false},"excerpt":{"rendered":"<p>&#8220;d\u00fcnyan\u0131 tutma a\u011fa qar\u0131ya, ya\u015famda dadl\u0131 g\u0259lir a\u011f\u0131ya, dirs\u0259ldib yer\u0259 \u00e7\u0131rpmaqdansa, \u00f6t\u00fcr \u00f6z\u00fc bulsun yax\u0131 yar\u0131ya&#8221; atalar s\u00f6z\u00fc, insanlara ba\u015fqalar\u0131n\u0131n i\u015fl\u0259rin\u0259 qar\u0131\u015fmama\u011f\u0131, \u00f6z i\u015fl\u0259rin\u0259 fokuslanma\u011f\u0131 v\u0259 ba\u015fqalar\u0131n\u0131n se\u00e7iml\u0259rin\u0259 h\u00f6rm\u0259t etm\u0259yi t\u00f6vsiy\u0259 edir. Bu s\u00f6z, insanlar\u0131n \u00f6z h\u0259yatlar\u0131n\u0131 ya\u015famaqda azad olduqlar\u0131n\u0131, ba\u015fqalar\u0131n\u0131n se\u00e7iml\u0259rin\u0259 m\u00fcdaxil\u0259 etm\u0259m\u0259yin daha d\u00fczg\u00fcn oldu\u011funu vur\u011fulay\u0131r. H\u0259m\u00e7inin, ba\u015fqalar\u0131n\u0131n u\u011furlar\u0131n\u0131 v\u0259 ya u\u011fursuzluqlar\u0131n\u0131 \u00f6z &#8230; <a title=\"D\u00fcnyan\u0131 Tutma A\u011fa Qar\u0131ya, Ya\u015famda Dadl\u0131 G\u0259lir A\u011f\u0131ya, Dirs\u0259ldib Yer\u0259 \u00c7\u0131rpmaqdansa, \u00d6t\u00fcr \u00d6z\u00fc Bulsun Yax\u0131 Yar\u0131ya\" class=\"read-more\" href=\"https:\/\/nedir.az\/atalar-sozleri\/dunyani-tutma-aga-qariya-yasamda-dadli-gelir-agiya-dirseldib-yere-cirpmaqdansa-otur-ozu-bulsun-yaxi-yariya-atalar-sozunun-menasi-nedir\" aria-label=\"Read more about D\u00fcnyan\u0131 Tutma A\u011fa Qar\u0131ya, Ya\u015famda Dadl\u0131 G\u0259lir A\u011f\u0131ya, Dirs\u0259ldib Yer\u0259 \u00c7\u0131rpmaqdansa, \u00d6t\u00fcr \u00d6z\u00fc Bulsun Yax\u0131 Yar\u0131ya\">Read more<\/a><\/p>\n","protected":false},"author":2,"featured_media":0,"comment_status":"open","ping_status":"open","sticky":false,"template":"","format":"standard","meta":{"footnotes":""},"categories":[1],"tags":[],"class_list":["post-6178","post","type-post","status-publish","format-standard","hentry","category-atalar-sozleri-atalar-sozu"],"aioseo_notices":[],"_links":{"self":[{"href":"https:\/\/nedir.az\/atalar-sozleri\/wp-json\/wp\/v2\/posts\/6178","targetHints":{"allow":["GET"]}}],"collection":[{"href":"https:\/\/nedir.az\/atalar-sozleri\/wp-json\/wp\/v2\/posts"}],"about":[{"href":"https:\/\/nedir.az\/atalar-sozleri\/wp-json\/wp\/v2\/types\/post"}],"author":[{"embeddable":true,"href":"https:\/\/nedir.az\/atalar-sozleri\/wp-json\/wp\/v2\/users\/2"}],"replies":[{"embeddable":true,"href":"https:\/\/nedir.az\/atalar-sozleri\/wp-json\/wp\/v2\/comments?post=6178"}],"version-history":[{"count":0,"href":"https:\/\/nedir.az\/atalar-sozleri\/wp-json\/wp\/v2\/posts\/6178\/revisions"}],"wp:attachment":[{"href":"https:\/\/nedir.az\/atalar-sozleri\/wp-json\/wp\/v2\/media?parent=6178"}],"wp:term":[{"taxonomy":"category","embeddable":true,"href":"https:\/\/nedir.az\/atalar-sozleri\/wp-json\/wp\/v2\/categories?post=6178"},{"taxonomy":"post_tag","embeddable":true,"href":"https:\/\/nedir.az\/atalar-sozleri\/wp-json\/wp\/v2\/tags?post=6178"}],"curies":[{"name":"wp","href":"https:\/\/api.w.org\/{rel}","templated":true}]}}