{"id":6176,"date":"2024-09-06T21:34:15","date_gmt":"2024-09-06T21:34:15","guid":{"rendered":""},"modified":"-0001-11-30T00:00:00","modified_gmt":"-0001-11-29T21:00:00","slug":"dunyani-gezdim-tatdan-dadsiz-gormedim","status":"publish","type":"post","link":"https:\/\/nedir.az\/atalar-sozleri\/dunyani-gezdim-tatdan-dadsiz-gormedim-atalar-sozunun-menasi-nedir","title":{"rendered":"D\u00fcnyan\u0131 G\u0259zdim Tatdan Dads\u0131z G\u00f6rm\u0259dim!"},"content":{"rendered":"<p>\u201cd\u00fcnyan\u0131 g\u0259zdim tatdan dads\u0131z g\u00f6rm\u0259dim!\u201d atalar s\u00f6z\u00fcn\u00fcn m\u0259nas\u0131, insan\u0131n h\u0259yat\u0131nda m\u00fcxt\u0259lif t\u0259cr\u00fcb\u0259l\u0259r ya\u015fad\u0131\u011f\u0131n\u0131, f\u0259rqli yerl\u0259ri g\u00f6rd\u00fcy\u00fcn\u00fc, lakin bu t\u0259cr\u00fcb\u0259l\u0259rin he\u00e7 birinin ona m\u0259mnunluq verm\u0259diyini ifad\u0259 edir. Bu s\u00f6z, b\u0259z\u0259n insan\u0131n axtard\u0131\u011f\u0131 \u015feyin, g\u00f6zl\u0259diyi m\u0259mnuniyy\u0259tin tap\u0131lmad\u0131\u011f\u0131n\u0131, h\u0259yat\u0131n g\u00f6z\u0259llikl\u0259rinin b\u0259z\u0259n g\u00f6z \u00f6n\u00fcnd\u0259 olsa da, onlar\u0131 d\u0259rk etm\u0259diyini vur\u011fulay\u0131r. H\u0259m\u00e7inin, bu atalar s\u00f6z\u00fc, insan\u0131n h\u0259yat\u0131nda ya\u015fad\u0131\u011f\u0131 \u00e7\u0259tinlikl\u0259r\u0259, g\u00f6zl\u0259ntil\u0259rin\u0259 v\u0259 reall\u0131qlar\u0131na i\u015far\u0259 edir.<\/p>\n<p><b>Q\u0131sa M\u0259nas\u0131<\/b><br \/>\u0130nsan\u0131n h\u0259yat\u0131nda ya\u015fad\u0131\u011f\u0131 t\u0259cr\u00fcb\u0259l\u0259rin m\u0259mnuniyy\u0259t verm\u0259diyini ifad\u0259 edir.<\/p>\n","protected":false},"excerpt":{"rendered":"<p>\u201cd\u00fcnyan\u0131 g\u0259zdim tatdan dads\u0131z g\u00f6rm\u0259dim!\u201d atalar s\u00f6z\u00fcn\u00fcn m\u0259nas\u0131, insan\u0131n h\u0259yat\u0131nda m\u00fcxt\u0259lif t\u0259cr\u00fcb\u0259l\u0259r ya\u015fad\u0131\u011f\u0131n\u0131, f\u0259rqli yerl\u0259ri g\u00f6rd\u00fcy\u00fcn\u00fc, lakin bu t\u0259cr\u00fcb\u0259l\u0259rin he\u00e7 birinin ona m\u0259mnunluq verm\u0259diyini ifad\u0259 edir. Bu s\u00f6z, b\u0259z\u0259n insan\u0131n axtard\u0131\u011f\u0131 \u015feyin, g\u00f6zl\u0259diyi m\u0259mnuniyy\u0259tin tap\u0131lmad\u0131\u011f\u0131n\u0131, h\u0259yat\u0131n g\u00f6z\u0259llikl\u0259rinin b\u0259z\u0259n g\u00f6z \u00f6n\u00fcnd\u0259 olsa da, onlar\u0131 d\u0259rk etm\u0259diyini vur\u011fulay\u0131r. H\u0259m\u00e7inin, bu atalar s\u00f6z\u00fc, insan\u0131n h\u0259yat\u0131nda ya\u015fad\u0131\u011f\u0131 \u00e7\u0259tinlikl\u0259r\u0259, g\u00f6zl\u0259ntil\u0259rin\u0259 &#8230; <a title=\"D\u00fcnyan\u0131 G\u0259zdim Tatdan Dads\u0131z G\u00f6rm\u0259dim!\" class=\"read-more\" href=\"https:\/\/nedir.az\/atalar-sozleri\/dunyani-gezdim-tatdan-dadsiz-gormedim-atalar-sozunun-menasi-nedir\" aria-label=\"Read more about D\u00fcnyan\u0131 G\u0259zdim Tatdan Dads\u0131z G\u00f6rm\u0259dim!\">Read more<\/a><\/p>\n","protected":false},"author":2,"featured_media":0,"comment_status":"open","ping_status":"open","sticky":false,"template":"","format":"standard","meta":{"footnotes":""},"categories":[1],"tags":[],"class_list":["post-6176","post","type-post","status-publish","format-standard","hentry","category-atalar-sozleri-atalar-sozu"],"aioseo_notices":[],"_links":{"self":[{"href":"https:\/\/nedir.az\/atalar-sozleri\/wp-json\/wp\/v2\/posts\/6176","targetHints":{"allow":["GET"]}}],"collection":[{"href":"https:\/\/nedir.az\/atalar-sozleri\/wp-json\/wp\/v2\/posts"}],"about":[{"href":"https:\/\/nedir.az\/atalar-sozleri\/wp-json\/wp\/v2\/types\/post"}],"author":[{"embeddable":true,"href":"https:\/\/nedir.az\/atalar-sozleri\/wp-json\/wp\/v2\/users\/2"}],"replies":[{"embeddable":true,"href":"https:\/\/nedir.az\/atalar-sozleri\/wp-json\/wp\/v2\/comments?post=6176"}],"version-history":[{"count":0,"href":"https:\/\/nedir.az\/atalar-sozleri\/wp-json\/wp\/v2\/posts\/6176\/revisions"}],"wp:attachment":[{"href":"https:\/\/nedir.az\/atalar-sozleri\/wp-json\/wp\/v2\/media?parent=6176"}],"wp:term":[{"taxonomy":"category","embeddable":true,"href":"https:\/\/nedir.az\/atalar-sozleri\/wp-json\/wp\/v2\/categories?post=6176"},{"taxonomy":"post_tag","embeddable":true,"href":"https:\/\/nedir.az\/atalar-sozleri\/wp-json\/wp\/v2\/tags?post=6176"}],"curies":[{"name":"wp","href":"https:\/\/api.w.org\/{rel}","templated":true}]}}