{"id":6175,"date":"2024-09-06T21:34:15","date_gmt":"2024-09-06T21:34:15","guid":{"rendered":""},"modified":"-0001-11-30T00:00:00","modified_gmt":"-0001-11-29T21:00:00","slug":"dunyani-ceken-derd-ile-dermanida-cekmis","status":"publish","type":"post","link":"https:\/\/nedir.az\/atalar-sozleri\/dunyani-ceken-derd-ile-dermanida-cekmis-atalar-sozunun-menasi-nedir","title":{"rendered":"D\u00fcnyan\u0131 \u00c7\u0259k\u0259n D\u0259rd il\u0259 D\u0259rman\u0131da \u00c7\u0259kmi\u015f"},"content":{"rendered":"<p>&#8220;d\u00fcnyan\u0131 \u00e7\u0259k\u0259n d\u0259rd il\u0259 d\u0259rman\u0131da \u00e7\u0259kmi\u015f&#8221; atalar s\u00f6z\u00fc, insan\u0131n h\u0259yat\u0131nda qar\u015f\u0131la\u015fd\u0131\u011f\u0131 \u00e7\u0259tinlikl\u0259rin v\u0259 probleml\u0259rin, eyni zamanda bu probleml\u0259rin h\u0259lli \u00fc\u00e7\u00fcn g\u00f6st\u0259ril\u0259n s\u0259yl\u0259rin vacibliyini vur\u011fulay\u0131r. Bu s\u00f6z, insan\u0131n ya\u015fad\u0131\u011f\u0131 \u00e7\u0259tinlikl\u0259rin onun h\u0259yat\u0131nda m\u00fcsb\u0259t d\u0259yi\u015fiklikl\u0259r\u0259 yol a\u00e7aca\u011f\u0131n\u0131, d\u0259rdl\u0259rin yan\u0131nda m\u00fctl\u0259q bir d\u0259rman\u0131n da oldu\u011funu ifad\u0259 edir. Y\u0259ni, h\u0259r bir \u00e7\u0259tinliyin arxas\u0131nda bir \u00e7\u0131x\u0131\u015f yolu, bir h\u0259ll yolu vard\u0131r. Bu atalar s\u00f6z\u00fc, insanlara \u00fcmid verm\u0259k v\u0259 \u00e7\u0259tinlikl\u0259r qar\u015f\u0131s\u0131nda m\u00fcbariz\u0259 aparma\u011f\u0131 t\u0259\u015fviq etm\u0259k m\u0259qs\u0259dini g\u00fcd\u00fcr.<\/p>\n<p><b>Q\u0131sa M\u0259nas\u0131<\/b><br \/> H\u0259yat\u0131n \u00e7\u0259tinlikl\u0259ri il\u0259 m\u00fcbariz\u0259 aparmaq v\u0259 h\u0259r \u00e7\u0259tinliyin bir h\u0259lli oldu\u011funu vur\u011fulayan bir atalar s\u00f6z\u00fc.<\/p>\n","protected":false},"excerpt":{"rendered":"<p>&#8220;d\u00fcnyan\u0131 \u00e7\u0259k\u0259n d\u0259rd il\u0259 d\u0259rman\u0131da \u00e7\u0259kmi\u015f&#8221; atalar s\u00f6z\u00fc, insan\u0131n h\u0259yat\u0131nda qar\u015f\u0131la\u015fd\u0131\u011f\u0131 \u00e7\u0259tinlikl\u0259rin v\u0259 probleml\u0259rin, eyni zamanda bu probleml\u0259rin h\u0259lli \u00fc\u00e7\u00fcn g\u00f6st\u0259ril\u0259n s\u0259yl\u0259rin vacibliyini vur\u011fulay\u0131r. Bu s\u00f6z, insan\u0131n ya\u015fad\u0131\u011f\u0131 \u00e7\u0259tinlikl\u0259rin onun h\u0259yat\u0131nda m\u00fcsb\u0259t d\u0259yi\u015fiklikl\u0259r\u0259 yol a\u00e7aca\u011f\u0131n\u0131, d\u0259rdl\u0259rin yan\u0131nda m\u00fctl\u0259q bir d\u0259rman\u0131n da oldu\u011funu ifad\u0259 edir. Y\u0259ni, h\u0259r bir \u00e7\u0259tinliyin arxas\u0131nda bir \u00e7\u0131x\u0131\u015f yolu, bir h\u0259ll yolu &#8230; <a title=\"D\u00fcnyan\u0131 \u00c7\u0259k\u0259n D\u0259rd il\u0259 D\u0259rman\u0131da \u00c7\u0259kmi\u015f\" class=\"read-more\" href=\"https:\/\/nedir.az\/atalar-sozleri\/dunyani-ceken-derd-ile-dermanida-cekmis-atalar-sozunun-menasi-nedir\" aria-label=\"Read more about D\u00fcnyan\u0131 \u00c7\u0259k\u0259n D\u0259rd il\u0259 D\u0259rman\u0131da \u00c7\u0259kmi\u015f\">Read more<\/a><\/p>\n","protected":false},"author":2,"featured_media":0,"comment_status":"open","ping_status":"open","sticky":false,"template":"","format":"standard","meta":{"footnotes":""},"categories":[1],"tags":[],"class_list":["post-6175","post","type-post","status-publish","format-standard","hentry","category-atalar-sozleri-atalar-sozu"],"aioseo_notices":[],"_links":{"self":[{"href":"https:\/\/nedir.az\/atalar-sozleri\/wp-json\/wp\/v2\/posts\/6175","targetHints":{"allow":["GET"]}}],"collection":[{"href":"https:\/\/nedir.az\/atalar-sozleri\/wp-json\/wp\/v2\/posts"}],"about":[{"href":"https:\/\/nedir.az\/atalar-sozleri\/wp-json\/wp\/v2\/types\/post"}],"author":[{"embeddable":true,"href":"https:\/\/nedir.az\/atalar-sozleri\/wp-json\/wp\/v2\/users\/2"}],"replies":[{"embeddable":true,"href":"https:\/\/nedir.az\/atalar-sozleri\/wp-json\/wp\/v2\/comments?post=6175"}],"version-history":[{"count":0,"href":"https:\/\/nedir.az\/atalar-sozleri\/wp-json\/wp\/v2\/posts\/6175\/revisions"}],"wp:attachment":[{"href":"https:\/\/nedir.az\/atalar-sozleri\/wp-json\/wp\/v2\/media?parent=6175"}],"wp:term":[{"taxonomy":"category","embeddable":true,"href":"https:\/\/nedir.az\/atalar-sozleri\/wp-json\/wp\/v2\/categories?post=6175"},{"taxonomy":"post_tag","embeddable":true,"href":"https:\/\/nedir.az\/atalar-sozleri\/wp-json\/wp\/v2\/tags?post=6175"}],"curies":[{"name":"wp","href":"https:\/\/api.w.org\/{rel}","templated":true}]}}