{"id":6170,"date":"2024-09-06T21:34:15","date_gmt":"2024-09-06T21:34:15","guid":{"rendered":""},"modified":"-0001-11-30T00:00:00","modified_gmt":"-0001-11-29T21:00:00","slug":"dunya-yoxumus-yalan-varimis-iyi-kongule-dunya-darimis","status":"publish","type":"post","link":"https:\/\/nedir.az\/atalar-sozleri\/dunya-yoxumus-yalan-varimis-iyi-kongule-dunya-darimis-atalar-sozunun-menasi-nedir","title":{"rendered":"D\u00fcnya Yoxumu\u015f, Yalan Var\u0131m\u0131\u015f, Iyi K\u00f6ng\u00fcl\u0259 D\u00fcnya Dar\u0131m\u0131\u015f"},"content":{"rendered":"<p>\u201cd\u00fcnya yoxumu\u015f, yalan var\u0131m\u0131\u015f, iyi k\u00f6ng\u00fcl\u0259 d\u00fcnya dar\u0131m\u0131\u015f\u201d atalar s\u00f6z\u00fc, insan\u0131n i\u00e7ind\u0259ki hissl\u0259rin v\u0259 d\u00fc\u015f\u00fcnc\u0259l\u0259rin, xarici d\u00fcnyadan daha \u00f6n\u0259mli oldu\u011funu vur\u011fulay\u0131r. Bu s\u00f6z, b\u0259z\u0259n insan\u0131n ya\u015fad\u0131\u011f\u0131 \u00e7\u0259tinlikl\u0259rin, probleml\u0259rin v\u0259 ya k\u0259d\u0259rin, \u0259slind\u0259, onun \u00f6z daxili d\u00fcnyas\u0131nda yaratd\u0131\u011f\u0131 bir ill\u00fcziya oldu\u011funu ifad\u0259 edir. Y\u0259ni, insan\u0131n ruh hal\u0131, onun h\u0259yat\u0131n\u0131 nec\u0259 g\u00f6rd\u00fcy\u00fc v\u0259 ya\u015fad\u0131\u011f\u0131 anlar\u0131n d\u0259y\u0259ri, xarici d\u00fcnyadan daha \u0259h\u0259miyy\u0259tlidir. Bu atalar s\u00f6z\u00fc, insan\u0131n \u00f6z\u00fcn\u00fc d\u0259rk etm\u0259si, daxili s\u00fclh\u00fc tapmas\u0131 v\u0259 xarici t\u0259sirl\u0259rd\u0259n as\u0131l\u0131 olmadan \u00f6z h\u0259yat\u0131n\u0131 ya\u015famas\u0131 g\u0259r\u0259kdiyini bildirir.<\/p>\n<p><b>Q\u0131sa M\u0259nas\u0131<\/b><br \/>\u0130nsan\u0131n daxili hissl\u0259ri v\u0259 d\u00fc\u015f\u00fcnc\u0259l\u0259ri, xarici d\u00fcnyadan daha \u00f6n\u0259mlidir.<\/p>\n","protected":false},"excerpt":{"rendered":"<p>\u201cd\u00fcnya yoxumu\u015f, yalan var\u0131m\u0131\u015f, iyi k\u00f6ng\u00fcl\u0259 d\u00fcnya dar\u0131m\u0131\u015f\u201d atalar s\u00f6z\u00fc, insan\u0131n i\u00e7ind\u0259ki hissl\u0259rin v\u0259 d\u00fc\u015f\u00fcnc\u0259l\u0259rin, xarici d\u00fcnyadan daha \u00f6n\u0259mli oldu\u011funu vur\u011fulay\u0131r. Bu s\u00f6z, b\u0259z\u0259n insan\u0131n ya\u015fad\u0131\u011f\u0131 \u00e7\u0259tinlikl\u0259rin, probleml\u0259rin v\u0259 ya k\u0259d\u0259rin, \u0259slind\u0259, onun \u00f6z daxili d\u00fcnyas\u0131nda yaratd\u0131\u011f\u0131 bir ill\u00fcziya oldu\u011funu ifad\u0259 edir. Y\u0259ni, insan\u0131n ruh hal\u0131, onun h\u0259yat\u0131n\u0131 nec\u0259 g\u00f6rd\u00fcy\u00fc v\u0259 ya\u015fad\u0131\u011f\u0131 anlar\u0131n d\u0259y\u0259ri, xarici &#8230; <a title=\"D\u00fcnya Yoxumu\u015f, Yalan Var\u0131m\u0131\u015f, Iyi K\u00f6ng\u00fcl\u0259 D\u00fcnya Dar\u0131m\u0131\u015f\" class=\"read-more\" href=\"https:\/\/nedir.az\/atalar-sozleri\/dunya-yoxumus-yalan-varimis-iyi-kongule-dunya-darimis-atalar-sozunun-menasi-nedir\" aria-label=\"Read more about D\u00fcnya Yoxumu\u015f, Yalan Var\u0131m\u0131\u015f, Iyi K\u00f6ng\u00fcl\u0259 D\u00fcnya Dar\u0131m\u0131\u015f\">Read more<\/a><\/p>\n","protected":false},"author":2,"featured_media":0,"comment_status":"open","ping_status":"open","sticky":false,"template":"","format":"standard","meta":{"footnotes":""},"categories":[1],"tags":[],"class_list":["post-6170","post","type-post","status-publish","format-standard","hentry","category-atalar-sozleri-atalar-sozu"],"aioseo_notices":[],"_links":{"self":[{"href":"https:\/\/nedir.az\/atalar-sozleri\/wp-json\/wp\/v2\/posts\/6170","targetHints":{"allow":["GET"]}}],"collection":[{"href":"https:\/\/nedir.az\/atalar-sozleri\/wp-json\/wp\/v2\/posts"}],"about":[{"href":"https:\/\/nedir.az\/atalar-sozleri\/wp-json\/wp\/v2\/types\/post"}],"author":[{"embeddable":true,"href":"https:\/\/nedir.az\/atalar-sozleri\/wp-json\/wp\/v2\/users\/2"}],"replies":[{"embeddable":true,"href":"https:\/\/nedir.az\/atalar-sozleri\/wp-json\/wp\/v2\/comments?post=6170"}],"version-history":[{"count":0,"href":"https:\/\/nedir.az\/atalar-sozleri\/wp-json\/wp\/v2\/posts\/6170\/revisions"}],"wp:attachment":[{"href":"https:\/\/nedir.az\/atalar-sozleri\/wp-json\/wp\/v2\/media?parent=6170"}],"wp:term":[{"taxonomy":"category","embeddable":true,"href":"https:\/\/nedir.az\/atalar-sozleri\/wp-json\/wp\/v2\/categories?post=6170"},{"taxonomy":"post_tag","embeddable":true,"href":"https:\/\/nedir.az\/atalar-sozleri\/wp-json\/wp\/v2\/tags?post=6170"}],"curies":[{"name":"wp","href":"https:\/\/api.w.org\/{rel}","templated":true}]}}