{"id":6165,"date":"2024-09-06T21:34:15","date_gmt":"2024-09-06T21:34:15","guid":{"rendered":""},"modified":"-0001-11-30T00:00:00","modified_gmt":"-0001-11-29T21:00:00","slug":"dunya-mali-ele-girmis-basindan-gotu-bele-cixmis-onun-yadindan","status":"publish","type":"post","link":"https:\/\/nedir.az\/atalar-sozleri\/dunya-mali-ele-girmis-basindan-gotu-bele-cixmis-onun-yadindan-atalar-sozunun-menasi-nedir","title":{"rendered":"D\u00fcnya Mal\u0131 El\u0259 Girmi\u015f Ba\u015f\u0131ndan, G\u00f6t\u00fc Bel\u0259 \u00c7\u0131xm\u0131\u015f Onun Yad\u0131ndan"},"content":{"rendered":"<p>&#8220;d\u00fcnya mal\u0131 el\u0259 girmi\u015f ba\u015f\u0131ndan, g\u00f6t\u00fc bel\u0259 \u00e7\u0131xm\u0131\u015f onun yad\u0131ndan&#8221; atalar s\u00f6z\u00fc, insan\u0131n maddi \u015feyl\u0259r\u0259 olan ba\u011fl\u0131l\u0131\u011f\u0131n\u0131 v\u0259 bu ba\u011fl\u0131l\u0131\u011f\u0131n n\u0259tic\u0259sind\u0259 ba\u015f\u0131na g\u0259l\u0259n \u00e7\u0259tinlikl\u0259ri ifad\u0259 edir. Bu s\u00f6z, b\u0259z\u0259n insanlar\u0131n d\u00fcnya mal\u0131na olan h\u0259ddind\u0259n art\u0131q mara\u011f\u0131n\u0131n, onlar\u0131 \u0259sl d\u0259y\u0259rl\u0259rd\u0259n uzaqla\u015fd\u0131rd\u0131\u011f\u0131n\u0131 v\u0259 n\u0259tic\u0259d\u0259 itkil\u0259r\u0259 s\u0259b\u0259b oldu\u011funu vur\u011fulay\u0131r. Y\u0259ni, insan d\u00fcnya mal\u0131na o q\u0259d\u0259r dal\u0131r ki, \u0259slind\u0259 vacib olan \u015feyl\u0259ri unudur v\u0259 ya itirir. <\/p>\n<p><b>Q\u0131sa M\u0259nas\u0131<\/b><br \/> \u0130nsanlar\u0131n maddi \u015feyl\u0259r\u0259 olan a\u015f\u0131r\u0131 ba\u011fl\u0131l\u0131\u011f\u0131, onlar\u0131 \u0259sl d\u0259y\u0259rl\u0259rd\u0259n uzaqla\u015fd\u0131r\u0131r.<\/p>\n","protected":false},"excerpt":{"rendered":"<p>&#8220;d\u00fcnya mal\u0131 el\u0259 girmi\u015f ba\u015f\u0131ndan, g\u00f6t\u00fc bel\u0259 \u00e7\u0131xm\u0131\u015f onun yad\u0131ndan&#8221; atalar s\u00f6z\u00fc, insan\u0131n maddi \u015feyl\u0259r\u0259 olan ba\u011fl\u0131l\u0131\u011f\u0131n\u0131 v\u0259 bu ba\u011fl\u0131l\u0131\u011f\u0131n n\u0259tic\u0259sind\u0259 ba\u015f\u0131na g\u0259l\u0259n \u00e7\u0259tinlikl\u0259ri ifad\u0259 edir. Bu s\u00f6z, b\u0259z\u0259n insanlar\u0131n d\u00fcnya mal\u0131na olan h\u0259ddind\u0259n art\u0131q mara\u011f\u0131n\u0131n, onlar\u0131 \u0259sl d\u0259y\u0259rl\u0259rd\u0259n uzaqla\u015fd\u0131rd\u0131\u011f\u0131n\u0131 v\u0259 n\u0259tic\u0259d\u0259 itkil\u0259r\u0259 s\u0259b\u0259b oldu\u011funu vur\u011fulay\u0131r. Y\u0259ni, insan d\u00fcnya mal\u0131na o q\u0259d\u0259r dal\u0131r ki, \u0259slind\u0259 &#8230; <a title=\"D\u00fcnya Mal\u0131 El\u0259 Girmi\u015f Ba\u015f\u0131ndan, G\u00f6t\u00fc Bel\u0259 \u00c7\u0131xm\u0131\u015f Onun Yad\u0131ndan\" class=\"read-more\" href=\"https:\/\/nedir.az\/atalar-sozleri\/dunya-mali-ele-girmis-basindan-gotu-bele-cixmis-onun-yadindan-atalar-sozunun-menasi-nedir\" aria-label=\"Read more about D\u00fcnya Mal\u0131 El\u0259 Girmi\u015f Ba\u015f\u0131ndan, G\u00f6t\u00fc Bel\u0259 \u00c7\u0131xm\u0131\u015f Onun Yad\u0131ndan\">Read more<\/a><\/p>\n","protected":false},"author":2,"featured_media":0,"comment_status":"open","ping_status":"open","sticky":false,"template":"","format":"standard","meta":{"footnotes":""},"categories":[1],"tags":[],"class_list":["post-6165","post","type-post","status-publish","format-standard","hentry","category-atalar-sozleri-atalar-sozu"],"aioseo_notices":[],"_links":{"self":[{"href":"https:\/\/nedir.az\/atalar-sozleri\/wp-json\/wp\/v2\/posts\/6165","targetHints":{"allow":["GET"]}}],"collection":[{"href":"https:\/\/nedir.az\/atalar-sozleri\/wp-json\/wp\/v2\/posts"}],"about":[{"href":"https:\/\/nedir.az\/atalar-sozleri\/wp-json\/wp\/v2\/types\/post"}],"author":[{"embeddable":true,"href":"https:\/\/nedir.az\/atalar-sozleri\/wp-json\/wp\/v2\/users\/2"}],"replies":[{"embeddable":true,"href":"https:\/\/nedir.az\/atalar-sozleri\/wp-json\/wp\/v2\/comments?post=6165"}],"version-history":[{"count":0,"href":"https:\/\/nedir.az\/atalar-sozleri\/wp-json\/wp\/v2\/posts\/6165\/revisions"}],"wp:attachment":[{"href":"https:\/\/nedir.az\/atalar-sozleri\/wp-json\/wp\/v2\/media?parent=6165"}],"wp:term":[{"taxonomy":"category","embeddable":true,"href":"https:\/\/nedir.az\/atalar-sozleri\/wp-json\/wp\/v2\/categories?post=6165"},{"taxonomy":"post_tag","embeddable":true,"href":"https:\/\/nedir.az\/atalar-sozleri\/wp-json\/wp\/v2\/tags?post=6165"}],"curies":[{"name":"wp","href":"https:\/\/api.w.org\/{rel}","templated":true}]}}