{"id":6163,"date":"2024-09-06T21:34:15","date_gmt":"2024-09-06T21:34:15","guid":{"rendered":""},"modified":"-0001-11-30T00:00:00","modified_gmt":"-0001-11-29T21:00:00","slug":"dunya-gozeli-kimdir-qargaya-oz-balasi-qaygiya-dozum-varsa-gel-balasi-ay-balam-ay-ogul-oglum","status":"publish","type":"post","link":"https:\/\/nedir.az\/atalar-sozleri\/dunya-gozeli-kimdir-qargaya-oz-balasi-qaygiya-dozum-varsa-gel-balasi-ay-balam-ay-ogul-oglum-atalar-sozunun-menasi-nedir","title":{"rendered":"D\u00fcnya G\u00f6z\u0259li Kimdir, Qar\u011faya \u00d6z Balas\u0131, Qay\u011f\u0131ya D\u00f6z\u00fcm Varsa, G\u0259l Balas\u0131 (ay Balam. Ay O\u011ful. O\u011flum)"},"content":{"rendered":"<p>&#8220;d\u00fcnya g\u00f6z\u0259li kimdir, qar\u011faya \u00f6z balas\u0131, qay\u011f\u0131ya d\u00f6z\u00fcm varsa, g\u0259l balas\u0131 (ay balam. ay o\u011ful. o\u011flum)&#8221; atalar s\u00f6z\u00fc, insan\u0131n \u00f6z \u00f6vlad\u0131na olan sevgisini, ona qar\u015f\u0131 olan qay\u011f\u0131s\u0131n\u0131 v\u0259 onun \u00fc\u00e7\u00fcn h\u0259r \u015fey\u0259 d\u00f6z\u0259 bil\u0259c\u0259yini ifad\u0259 edir. Bu s\u00f6z, valideynl\u0259rin \u00f6vladlar\u0131na olan ba\u011fl\u0131l\u0131\u011f\u0131n\u0131, onlar\u0131n xo\u015fb\u0259xtliyi \u00fc\u00e7\u00fcn h\u0259r c\u00fcr \u00e7\u0259tinliy\u0259 qatla\u015fa bil\u0259c\u0259yini vur\u011fulay\u0131r. Eyni zamanda, bu atalar s\u00f6z\u00fc, valideynl\u0259rin \u00f6vladlar\u0131na olan sevgisinin d\u0259rinliyini v\u0259 onlar\u0131n g\u0259l\u0259c\u0259yin\u0259 olan inam\u0131n\u0131 simvoliz\u0259 edir.<\/p>\n<p><b>Q\u0131sa M\u0259nas\u0131<\/b><br \/> Valideynl\u0259rin \u00f6vladlar\u0131na olan d\u0259rin sevgisini v\u0259 onlara qar\u015f\u0131 olan qay\u011f\u0131lar\u0131n\u0131 ifad\u0259 edir.<\/p>\n","protected":false},"excerpt":{"rendered":"<p>&#8220;d\u00fcnya g\u00f6z\u0259li kimdir, qar\u011faya \u00f6z balas\u0131, qay\u011f\u0131ya d\u00f6z\u00fcm varsa, g\u0259l balas\u0131 (ay balam. ay o\u011ful. o\u011flum)&#8221; atalar s\u00f6z\u00fc, insan\u0131n \u00f6z \u00f6vlad\u0131na olan sevgisini, ona qar\u015f\u0131 olan qay\u011f\u0131s\u0131n\u0131 v\u0259 onun \u00fc\u00e7\u00fcn h\u0259r \u015fey\u0259 d\u00f6z\u0259 bil\u0259c\u0259yini ifad\u0259 edir. Bu s\u00f6z, valideynl\u0259rin \u00f6vladlar\u0131na olan ba\u011fl\u0131l\u0131\u011f\u0131n\u0131, onlar\u0131n xo\u015fb\u0259xtliyi \u00fc\u00e7\u00fcn h\u0259r c\u00fcr \u00e7\u0259tinliy\u0259 qatla\u015fa bil\u0259c\u0259yini vur\u011fulay\u0131r. Eyni zamanda, bu atalar &#8230; <a title=\"D\u00fcnya G\u00f6z\u0259li Kimdir, Qar\u011faya \u00d6z Balas\u0131, Qay\u011f\u0131ya D\u00f6z\u00fcm Varsa, G\u0259l Balas\u0131 (ay Balam. Ay O\u011ful. O\u011flum)\" class=\"read-more\" href=\"https:\/\/nedir.az\/atalar-sozleri\/dunya-gozeli-kimdir-qargaya-oz-balasi-qaygiya-dozum-varsa-gel-balasi-ay-balam-ay-ogul-oglum-atalar-sozunun-menasi-nedir\" aria-label=\"Read more about D\u00fcnya G\u00f6z\u0259li Kimdir, Qar\u011faya \u00d6z Balas\u0131, Qay\u011f\u0131ya D\u00f6z\u00fcm Varsa, G\u0259l Balas\u0131 (ay Balam. Ay O\u011ful. O\u011flum)\">Read more<\/a><\/p>\n","protected":false},"author":2,"featured_media":0,"comment_status":"open","ping_status":"open","sticky":false,"template":"","format":"standard","meta":{"footnotes":""},"categories":[1],"tags":[],"class_list":["post-6163","post","type-post","status-publish","format-standard","hentry","category-atalar-sozleri-atalar-sozu"],"aioseo_notices":[],"_links":{"self":[{"href":"https:\/\/nedir.az\/atalar-sozleri\/wp-json\/wp\/v2\/posts\/6163","targetHints":{"allow":["GET"]}}],"collection":[{"href":"https:\/\/nedir.az\/atalar-sozleri\/wp-json\/wp\/v2\/posts"}],"about":[{"href":"https:\/\/nedir.az\/atalar-sozleri\/wp-json\/wp\/v2\/types\/post"}],"author":[{"embeddable":true,"href":"https:\/\/nedir.az\/atalar-sozleri\/wp-json\/wp\/v2\/users\/2"}],"replies":[{"embeddable":true,"href":"https:\/\/nedir.az\/atalar-sozleri\/wp-json\/wp\/v2\/comments?post=6163"}],"version-history":[{"count":0,"href":"https:\/\/nedir.az\/atalar-sozleri\/wp-json\/wp\/v2\/posts\/6163\/revisions"}],"wp:attachment":[{"href":"https:\/\/nedir.az\/atalar-sozleri\/wp-json\/wp\/v2\/media?parent=6163"}],"wp:term":[{"taxonomy":"category","embeddable":true,"href":"https:\/\/nedir.az\/atalar-sozleri\/wp-json\/wp\/v2\/categories?post=6163"},{"taxonomy":"post_tag","embeddable":true,"href":"https:\/\/nedir.az\/atalar-sozleri\/wp-json\/wp\/v2\/tags?post=6163"}],"curies":[{"name":"wp","href":"https:\/\/api.w.org\/{rel}","templated":true}]}}