{"id":6162,"date":"2024-09-06T21:34:15","date_gmt":"2024-09-06T21:34:15","guid":{"rendered":""},"modified":"-0001-11-30T00:00:00","modified_gmt":"-0001-11-29T21:00:00","slug":"dunya-geder-durandir-dunya-gedmekden-qalmaz","status":"publish","type":"post","link":"https:\/\/nedir.az\/atalar-sozleri\/dunya-geder-durandir-dunya-gedmekden-qalmaz-atalar-sozunun-menasi-nedir","title":{"rendered":"D\u00fcnya Ged\u0259r Durand\u0131r. (d\u00fcnya Gedm\u0259kd\u0259n Qalmaz)"},"content":{"rendered":"<p>&#8220;d\u00fcnya ged\u0259r durand\u0131r. (d\u00fcnya gedm\u0259kd\u0259n qalmaz)&#8221; atalar s\u00f6z\u00fcn\u00fcn m\u0259nas\u0131, insanlar\u0131n h\u0259yat\u0131nda ba\u015f ver\u0259n hadis\u0259l\u0259rin, d\u0259yi\u015fiklikl\u0259rin v\u0259 zaman\u0131n ax\u0131\u015f\u0131n\u0131n qa\u00e7\u0131lmaz oldu\u011funu ifad\u0259 edir. Bu s\u00f6z, insan\u0131n \u00f6z f\u0259aliyy\u0259tl\u0259ri v\u0259 se\u00e7iml\u0259ri il\u0259 d\u00fcnya \u00fcz\u0259rind\u0259ki d\u0259yi\u015fiklikl\u0259ri dayand\u0131ra bilm\u0259y\u0259c\u0259yini, \u0259ksin\u0259, zaman\u0131n v\u0259 d\u00fcnyan\u0131n \u00f6z axar\u0131 il\u0259 davam ed\u0259c\u0259yini vur\u011fulay\u0131r. H\u0259yatda ba\u015f ver\u0259nl\u0259r\u0259 qar\u015f\u0131 m\u00fcbariz\u0259 aparmaq \u0259v\u0259zin\u0259, insan\u0131n bu d\u0259yi\u015fiklikl\u0259ri q\u0259bul etm\u0259si v\u0259 onlara uy\u011funla\u015fmas\u0131 laz\u0131m oldu\u011funu bildirir.<\/p>\n<p><b>Q\u0131sa M\u0259nas\u0131<\/b><br \/> \u0130nsan h\u0259yat\u0131nda ba\u015f ver\u0259n d\u0259yi\u015fiklikl\u0259rin qa\u00e7\u0131lmaz oldu\u011funu, zaman\u0131n v\u0259 d\u00fcnyan\u0131n \u00f6z axar\u0131 il\u0259 davam etdiyini ifad\u0259 edir.<\/p>\n","protected":false},"excerpt":{"rendered":"<p>&#8220;d\u00fcnya ged\u0259r durand\u0131r. (d\u00fcnya gedm\u0259kd\u0259n qalmaz)&#8221; atalar s\u00f6z\u00fcn\u00fcn m\u0259nas\u0131, insanlar\u0131n h\u0259yat\u0131nda ba\u015f ver\u0259n hadis\u0259l\u0259rin, d\u0259yi\u015fiklikl\u0259rin v\u0259 zaman\u0131n ax\u0131\u015f\u0131n\u0131n qa\u00e7\u0131lmaz oldu\u011funu ifad\u0259 edir. Bu s\u00f6z, insan\u0131n \u00f6z f\u0259aliyy\u0259tl\u0259ri v\u0259 se\u00e7iml\u0259ri il\u0259 d\u00fcnya \u00fcz\u0259rind\u0259ki d\u0259yi\u015fiklikl\u0259ri dayand\u0131ra bilm\u0259y\u0259c\u0259yini, \u0259ksin\u0259, zaman\u0131n v\u0259 d\u00fcnyan\u0131n \u00f6z axar\u0131 il\u0259 davam ed\u0259c\u0259yini vur\u011fulay\u0131r. H\u0259yatda ba\u015f ver\u0259nl\u0259r\u0259 qar\u015f\u0131 m\u00fcbariz\u0259 aparmaq \u0259v\u0259zin\u0259, insan\u0131n bu d\u0259yi\u015fiklikl\u0259ri &#8230; <a title=\"D\u00fcnya Ged\u0259r Durand\u0131r. (d\u00fcnya Gedm\u0259kd\u0259n Qalmaz)\" class=\"read-more\" href=\"https:\/\/nedir.az\/atalar-sozleri\/dunya-geder-durandir-dunya-gedmekden-qalmaz-atalar-sozunun-menasi-nedir\" aria-label=\"Read more about D\u00fcnya Ged\u0259r Durand\u0131r. (d\u00fcnya Gedm\u0259kd\u0259n Qalmaz)\">Read more<\/a><\/p>\n","protected":false},"author":2,"featured_media":0,"comment_status":"open","ping_status":"open","sticky":false,"template":"","format":"standard","meta":{"footnotes":""},"categories":[1],"tags":[],"class_list":["post-6162","post","type-post","status-publish","format-standard","hentry","category-atalar-sozleri-atalar-sozu"],"aioseo_notices":[],"_links":{"self":[{"href":"https:\/\/nedir.az\/atalar-sozleri\/wp-json\/wp\/v2\/posts\/6162","targetHints":{"allow":["GET"]}}],"collection":[{"href":"https:\/\/nedir.az\/atalar-sozleri\/wp-json\/wp\/v2\/posts"}],"about":[{"href":"https:\/\/nedir.az\/atalar-sozleri\/wp-json\/wp\/v2\/types\/post"}],"author":[{"embeddable":true,"href":"https:\/\/nedir.az\/atalar-sozleri\/wp-json\/wp\/v2\/users\/2"}],"replies":[{"embeddable":true,"href":"https:\/\/nedir.az\/atalar-sozleri\/wp-json\/wp\/v2\/comments?post=6162"}],"version-history":[{"count":0,"href":"https:\/\/nedir.az\/atalar-sozleri\/wp-json\/wp\/v2\/posts\/6162\/revisions"}],"wp:attachment":[{"href":"https:\/\/nedir.az\/atalar-sozleri\/wp-json\/wp\/v2\/media?parent=6162"}],"wp:term":[{"taxonomy":"category","embeddable":true,"href":"https:\/\/nedir.az\/atalar-sozleri\/wp-json\/wp\/v2\/categories?post=6162"},{"taxonomy":"post_tag","embeddable":true,"href":"https:\/\/nedir.az\/atalar-sozleri\/wp-json\/wp\/v2\/tags?post=6162"}],"curies":[{"name":"wp","href":"https:\/\/api.w.org\/{rel}","templated":true}]}}