{"id":6160,"date":"2024-09-06T21:34:15","date_gmt":"2024-09-06T21:34:15","guid":{"rendered":""},"modified":"-0001-11-30T00:00:00","modified_gmt":"-0001-11-29T21:00:00","slug":"dunya-duragu-deme-duragu-qalagu-qalan-baqi-ebedi-cavid","status":"publish","type":"post","link":"https:\/\/nedir.az\/atalar-sozleri\/dunya-duragu-deme-duragu-qalagu-qalan-baqi-ebedi-cavid-atalar-sozunun-menasi-nedir","title":{"rendered":"D\u00fcnya Dura\u011fu Dem\u0259. (dura\u011fu: Qala\u011fu. Qalan. Baqi. \u018fb\u0259di. Cavid)"},"content":{"rendered":"<p>&#8220;d\u00fcnya dura\u011fu dem\u0259. (dura\u011fu: qala\u011fu. qalan. baqi. \u0259b\u0259di. cavid)&#8221; atalar s\u00f6z\u00fcn\u00fcn m\u0259nas\u0131, insan\u0131n d\u00fcnyada ya\u015fad\u0131\u011f\u0131 m\u00fcdd\u0259t \u0259rzind\u0259 ba\u015f\u0131na g\u0259l\u0259n \u00e7\u0259tinlikl\u0259rin, probleml\u0259rin v\u0259 ke\u00e7ici v\u0259ziyy\u0259tl\u0259rin \u0259h\u0259miyy\u0259tini vur\u011fulay\u0131r. Bu atalar s\u00f6z\u00fc, insanlar\u0131n h\u0259yatda qar\u015f\u0131la\u015fd\u0131qlar\u0131 \u00e7\u0259tinlikl\u0259rin m\u00fcv\u0259qq\u0259ti oldu\u011funu, h\u0259r \u015feyin zamanla d\u0259yi\u015f\u0259c\u0259yini v\u0259 \u0259slind\u0259, d\u00fcnya h\u0259yat\u0131n\u0131n ke\u00e7ici oldu\u011funu ifad\u0259 edir. H\u0259m\u00e7inin, insanlara daha geni\u015f bir perspektivl\u0259 baxma\u011f\u0131, \u00e7\u0259tinlikl\u0259r qar\u015f\u0131s\u0131nda \u00fcmidsiz olmama\u011f\u0131 t\u00f6vsiy\u0259 edir.<\/p>\n<p><b>Q\u0131sa M\u0259nas\u0131<\/b><br \/> D\u00fcnya h\u0259yat\u0131n\u0131n ke\u00e7ici oldu\u011funu, \u00e7\u0259tinlikl\u0259rin m\u00fcv\u0259qq\u0259ti oldu\u011funu vur\u011fulay\u0131r.<\/p>\n","protected":false},"excerpt":{"rendered":"<p>&#8220;d\u00fcnya dura\u011fu dem\u0259. (dura\u011fu: qala\u011fu. qalan. baqi. \u0259b\u0259di. cavid)&#8221; atalar s\u00f6z\u00fcn\u00fcn m\u0259nas\u0131, insan\u0131n d\u00fcnyada ya\u015fad\u0131\u011f\u0131 m\u00fcdd\u0259t \u0259rzind\u0259 ba\u015f\u0131na g\u0259l\u0259n \u00e7\u0259tinlikl\u0259rin, probleml\u0259rin v\u0259 ke\u00e7ici v\u0259ziyy\u0259tl\u0259rin \u0259h\u0259miyy\u0259tini vur\u011fulay\u0131r. Bu atalar s\u00f6z\u00fc, insanlar\u0131n h\u0259yatda qar\u015f\u0131la\u015fd\u0131qlar\u0131 \u00e7\u0259tinlikl\u0259rin m\u00fcv\u0259qq\u0259ti oldu\u011funu, h\u0259r \u015feyin zamanla d\u0259yi\u015f\u0259c\u0259yini v\u0259 \u0259slind\u0259, d\u00fcnya h\u0259yat\u0131n\u0131n ke\u00e7ici oldu\u011funu ifad\u0259 edir. H\u0259m\u00e7inin, insanlara daha geni\u015f bir perspektivl\u0259 baxma\u011f\u0131, \u00e7\u0259tinlikl\u0259r &#8230; <a title=\"D\u00fcnya Dura\u011fu Dem\u0259. (dura\u011fu: Qala\u011fu. Qalan. Baqi. \u018fb\u0259di. Cavid)\" class=\"read-more\" href=\"https:\/\/nedir.az\/atalar-sozleri\/dunya-duragu-deme-duragu-qalagu-qalan-baqi-ebedi-cavid-atalar-sozunun-menasi-nedir\" aria-label=\"Read more about D\u00fcnya Dura\u011fu Dem\u0259. (dura\u011fu: Qala\u011fu. Qalan. Baqi. \u018fb\u0259di. Cavid)\">Read more<\/a><\/p>\n","protected":false},"author":2,"featured_media":0,"comment_status":"open","ping_status":"open","sticky":false,"template":"","format":"standard","meta":{"footnotes":""},"categories":[1],"tags":[],"class_list":["post-6160","post","type-post","status-publish","format-standard","hentry","category-atalar-sozleri-atalar-sozu"],"aioseo_notices":[],"_links":{"self":[{"href":"https:\/\/nedir.az\/atalar-sozleri\/wp-json\/wp\/v2\/posts\/6160","targetHints":{"allow":["GET"]}}],"collection":[{"href":"https:\/\/nedir.az\/atalar-sozleri\/wp-json\/wp\/v2\/posts"}],"about":[{"href":"https:\/\/nedir.az\/atalar-sozleri\/wp-json\/wp\/v2\/types\/post"}],"author":[{"embeddable":true,"href":"https:\/\/nedir.az\/atalar-sozleri\/wp-json\/wp\/v2\/users\/2"}],"replies":[{"embeddable":true,"href":"https:\/\/nedir.az\/atalar-sozleri\/wp-json\/wp\/v2\/comments?post=6160"}],"version-history":[{"count":0,"href":"https:\/\/nedir.az\/atalar-sozleri\/wp-json\/wp\/v2\/posts\/6160\/revisions"}],"wp:attachment":[{"href":"https:\/\/nedir.az\/atalar-sozleri\/wp-json\/wp\/v2\/media?parent=6160"}],"wp:term":[{"taxonomy":"category","embeddable":true,"href":"https:\/\/nedir.az\/atalar-sozleri\/wp-json\/wp\/v2\/categories?post=6160"},{"taxonomy":"post_tag","embeddable":true,"href":"https:\/\/nedir.az\/atalar-sozleri\/wp-json\/wp\/v2\/tags?post=6160"}],"curies":[{"name":"wp","href":"https:\/\/api.w.org\/{rel}","templated":true}]}}