{"id":6158,"date":"2024-09-06T21:34:15","date_gmt":"2024-09-06T21:34:15","guid":{"rendered":""},"modified":"-0001-11-30T00:00:00","modified_gmt":"-0001-11-29T21:00:00","slug":"dunya-dogandan-firlanir-bele-sende-dolan-isteyin-ele-degiser-dermanin-dasi-dunya-variken-firladar-gene","status":"publish","type":"post","link":"https:\/\/nedir.az\/atalar-sozleri\/dunya-dogandan-firlanir-bele-sende-dolan-isteyin-ele-degiser-dermanin-dasi-dunya-variken-firladar-gene-atalar-sozunun-menasi-nedir","title":{"rendered":"D\u00fcnya Do\u011fandan, F\u0131rlan\u0131r Bel\u0259, S\u0259nd\u0259 Dolan, Ist\u0259yin El\u0259. D\u0259\u011fi\u015f\u0259r D\u0259rman\u0131n Da\u015f\u0131, D\u00fcnya Varik\u0259n, F\u0131rladar Gen\u0259"},"content":{"rendered":"<p>\u201cd\u00fcnya do\u011fandan, f\u0131rlan\u0131r bel\u0259, s\u0259nd\u0259 dolan, ist\u0259yin el\u0259. d\u0259\u011fi\u015f\u0259r d\u0259rman\u0131n da\u015f\u0131, d\u00fcnya varik\u0259n, f\u0131rladar gen\u0259\u201d atalar s\u00f6z\u00fc, h\u0259yat\u0131n d\u00f6vriyy\u0259sini v\u0259 insanlar\u0131n arzular\u0131n\u0131n, ist\u0259kl\u0259rinin zamanla d\u0259yi\u015f\u0259c\u0259yini ifad\u0259 edir. Bu s\u00f6z, insan\u0131n h\u0259yat\u0131nda ba\u015f ver\u0259n hadis\u0259l\u0259rin, d\u0259yi\u015fiklikl\u0259rin qa\u00e7\u0131lmaz oldu\u011funu, h\u0259r \u015feyin bir d\u00f6vr\u00fc oldu\u011funu vur\u011fulay\u0131r. H\u0259m\u00e7inin, insan\u0131n \u00f6z ist\u0259kl\u0259ri v\u0259 arzular\u0131 il\u0259 bu d\u00f6vrl\u0259rd\u0259 nec\u0259 davranmal\u0131 oldu\u011funu da g\u00f6st\u0259rir. H\u0259yat\u0131n \u00e7\u0259tinlikl\u0259ri v\u0259 d\u0259yi\u015fiklikl\u0259ri qar\u015f\u0131s\u0131nda m\u00fcbariz\u0259 aparma\u011f\u0131n vacibliyini xat\u0131rlad\u0131r.<\/p>\n<p><b>Q\u0131sa M\u0259nas\u0131<\/b><br \/> H\u0259yat\u0131n d\u00f6vriyy\u0259si v\u0259 insanlar\u0131n arzular\u0131n\u0131n zamanla d\u0259yi\u015fm\u0259si.<\/p>\n","protected":false},"excerpt":{"rendered":"<p>\u201cd\u00fcnya do\u011fandan, f\u0131rlan\u0131r bel\u0259, s\u0259nd\u0259 dolan, ist\u0259yin el\u0259. d\u0259\u011fi\u015f\u0259r d\u0259rman\u0131n da\u015f\u0131, d\u00fcnya varik\u0259n, f\u0131rladar gen\u0259\u201d atalar s\u00f6z\u00fc, h\u0259yat\u0131n d\u00f6vriyy\u0259sini v\u0259 insanlar\u0131n arzular\u0131n\u0131n, ist\u0259kl\u0259rinin zamanla d\u0259yi\u015f\u0259c\u0259yini ifad\u0259 edir. Bu s\u00f6z, insan\u0131n h\u0259yat\u0131nda ba\u015f ver\u0259n hadis\u0259l\u0259rin, d\u0259yi\u015fiklikl\u0259rin qa\u00e7\u0131lmaz oldu\u011funu, h\u0259r \u015feyin bir d\u00f6vr\u00fc oldu\u011funu vur\u011fulay\u0131r. H\u0259m\u00e7inin, insan\u0131n \u00f6z ist\u0259kl\u0259ri v\u0259 arzular\u0131 il\u0259 bu d\u00f6vrl\u0259rd\u0259 nec\u0259 davranmal\u0131 oldu\u011funu &#8230; <a title=\"D\u00fcnya Do\u011fandan, F\u0131rlan\u0131r Bel\u0259, S\u0259nd\u0259 Dolan, Ist\u0259yin El\u0259. D\u0259\u011fi\u015f\u0259r D\u0259rman\u0131n Da\u015f\u0131, D\u00fcnya Varik\u0259n, F\u0131rladar Gen\u0259\" class=\"read-more\" href=\"https:\/\/nedir.az\/atalar-sozleri\/dunya-dogandan-firlanir-bele-sende-dolan-isteyin-ele-degiser-dermanin-dasi-dunya-variken-firladar-gene-atalar-sozunun-menasi-nedir\" aria-label=\"Read more about D\u00fcnya Do\u011fandan, F\u0131rlan\u0131r Bel\u0259, S\u0259nd\u0259 Dolan, Ist\u0259yin El\u0259. D\u0259\u011fi\u015f\u0259r D\u0259rman\u0131n Da\u015f\u0131, D\u00fcnya Varik\u0259n, F\u0131rladar Gen\u0259\">Read more<\/a><\/p>\n","protected":false},"author":2,"featured_media":0,"comment_status":"open","ping_status":"open","sticky":false,"template":"","format":"standard","meta":{"footnotes":""},"categories":[1],"tags":[],"class_list":["post-6158","post","type-post","status-publish","format-standard","hentry","category-atalar-sozleri-atalar-sozu"],"aioseo_notices":[],"_links":{"self":[{"href":"https:\/\/nedir.az\/atalar-sozleri\/wp-json\/wp\/v2\/posts\/6158","targetHints":{"allow":["GET"]}}],"collection":[{"href":"https:\/\/nedir.az\/atalar-sozleri\/wp-json\/wp\/v2\/posts"}],"about":[{"href":"https:\/\/nedir.az\/atalar-sozleri\/wp-json\/wp\/v2\/types\/post"}],"author":[{"embeddable":true,"href":"https:\/\/nedir.az\/atalar-sozleri\/wp-json\/wp\/v2\/users\/2"}],"replies":[{"embeddable":true,"href":"https:\/\/nedir.az\/atalar-sozleri\/wp-json\/wp\/v2\/comments?post=6158"}],"version-history":[{"count":0,"href":"https:\/\/nedir.az\/atalar-sozleri\/wp-json\/wp\/v2\/posts\/6158\/revisions"}],"wp:attachment":[{"href":"https:\/\/nedir.az\/atalar-sozleri\/wp-json\/wp\/v2\/media?parent=6158"}],"wp:term":[{"taxonomy":"category","embeddable":true,"href":"https:\/\/nedir.az\/atalar-sozleri\/wp-json\/wp\/v2\/categories?post=6158"},{"taxonomy":"post_tag","embeddable":true,"href":"https:\/\/nedir.az\/atalar-sozleri\/wp-json\/wp\/v2\/tags?post=6158"}],"curies":[{"name":"wp","href":"https:\/\/api.w.org\/{rel}","templated":true}]}}