{"id":6157,"date":"2024-09-06T21:34:15","date_gmt":"2024-09-06T21:34:15","guid":{"rendered":""},"modified":"-0001-11-30T00:00:00","modified_gmt":"-0001-11-29T21:00:00","slug":"dunya-dadimligimis-doyumluq-yox","status":"publish","type":"post","link":"https:\/\/nedir.az\/atalar-sozleri\/dunya-dadimligimis-doyumluq-yox-atalar-sozunun-menasi-nedir","title":{"rendered":"D\u00fcnya Dad\u0131ml\u0131\u011f\u0131m\u0131\u015f, Doyumluq Yox"},"content":{"rendered":"<p>&#8220;d\u00fcnya dad\u0131ml\u0131\u011f\u0131m\u0131\u015f, doyumluq yox&#8221; atalar s\u00f6z\u00fc, insan\u0131n h\u0259yat\u0131nda \u0259ld\u0259 etdiyi t\u0259cr\u00fcb\u0259l\u0259rin, g\u00f6z\u0259llikl\u0259rin v\u0259 z\u00f6vql\u0259rin m\u00fcv\u0259qq\u0259ti oldu\u011funu, bunlardan tam m\u0259mnuniyy\u0259t duyulmad\u0131\u011f\u0131n\u0131 ifad\u0259 edir. Bu s\u00f6z, insanlar\u0131n h\u0259yatda qar\u015f\u0131la\u015fd\u0131qlar\u0131 g\u00f6z\u0259llikl\u0259rin, z\u00f6vql\u0259rin v\u0259 m\u00fcsb\u0259t anlar\u0131n ke\u00e7ici oldu\u011funu, dolay\u0131s\u0131yla insan\u0131n daim daha \u00e7oxunu axtard\u0131\u011f\u0131n\u0131 vur\u011fulay\u0131r. H\u0259yat\u0131n m\u00fcxt\u0259lif anlar\u0131nda ya\u015fanan g\u00f6z\u0259llikl\u0259r, insan\u0131 qane etm\u0259diyi \u00fc\u00e7\u00fcn, daha \u00e7ox \u015feyin arxas\u0131nca getm\u0259y\u0259 y\u00f6n\u0259ldir.<\/p>\n<p><b>Q\u0131sa M\u0259nas\u0131<\/b><br \/>Bu atalar s\u00f6z\u00fc, h\u0259yatda \u0259ld\u0259 edil\u0259n g\u00f6z\u0259llikl\u0259rin v\u0259 z\u00f6vql\u0259rin m\u00fcv\u0259qq\u0259ti oldu\u011funu, insan\u0131n daim daha \u00e7oxunu axtard\u0131\u011f\u0131n\u0131 bildirir.<\/p>\n","protected":false},"excerpt":{"rendered":"<p>&#8220;d\u00fcnya dad\u0131ml\u0131\u011f\u0131m\u0131\u015f, doyumluq yox&#8221; atalar s\u00f6z\u00fc, insan\u0131n h\u0259yat\u0131nda \u0259ld\u0259 etdiyi t\u0259cr\u00fcb\u0259l\u0259rin, g\u00f6z\u0259llikl\u0259rin v\u0259 z\u00f6vql\u0259rin m\u00fcv\u0259qq\u0259ti oldu\u011funu, bunlardan tam m\u0259mnuniyy\u0259t duyulmad\u0131\u011f\u0131n\u0131 ifad\u0259 edir. Bu s\u00f6z, insanlar\u0131n h\u0259yatda qar\u015f\u0131la\u015fd\u0131qlar\u0131 g\u00f6z\u0259llikl\u0259rin, z\u00f6vql\u0259rin v\u0259 m\u00fcsb\u0259t anlar\u0131n ke\u00e7ici oldu\u011funu, dolay\u0131s\u0131yla insan\u0131n daim daha \u00e7oxunu axtard\u0131\u011f\u0131n\u0131 vur\u011fulay\u0131r. H\u0259yat\u0131n m\u00fcxt\u0259lif anlar\u0131nda ya\u015fanan g\u00f6z\u0259llikl\u0259r, insan\u0131 qane etm\u0259diyi \u00fc\u00e7\u00fcn, daha \u00e7ox \u015feyin arxas\u0131nca getm\u0259y\u0259 &#8230; <a title=\"D\u00fcnya Dad\u0131ml\u0131\u011f\u0131m\u0131\u015f, Doyumluq Yox\" class=\"read-more\" href=\"https:\/\/nedir.az\/atalar-sozleri\/dunya-dadimligimis-doyumluq-yox-atalar-sozunun-menasi-nedir\" aria-label=\"Read more about D\u00fcnya Dad\u0131ml\u0131\u011f\u0131m\u0131\u015f, Doyumluq Yox\">Read more<\/a><\/p>\n","protected":false},"author":2,"featured_media":0,"comment_status":"open","ping_status":"open","sticky":false,"template":"","format":"standard","meta":{"footnotes":""},"categories":[1],"tags":[],"class_list":["post-6157","post","type-post","status-publish","format-standard","hentry","category-atalar-sozleri-atalar-sozu"],"aioseo_notices":[],"_links":{"self":[{"href":"https:\/\/nedir.az\/atalar-sozleri\/wp-json\/wp\/v2\/posts\/6157","targetHints":{"allow":["GET"]}}],"collection":[{"href":"https:\/\/nedir.az\/atalar-sozleri\/wp-json\/wp\/v2\/posts"}],"about":[{"href":"https:\/\/nedir.az\/atalar-sozleri\/wp-json\/wp\/v2\/types\/post"}],"author":[{"embeddable":true,"href":"https:\/\/nedir.az\/atalar-sozleri\/wp-json\/wp\/v2\/users\/2"}],"replies":[{"embeddable":true,"href":"https:\/\/nedir.az\/atalar-sozleri\/wp-json\/wp\/v2\/comments?post=6157"}],"version-history":[{"count":0,"href":"https:\/\/nedir.az\/atalar-sozleri\/wp-json\/wp\/v2\/posts\/6157\/revisions"}],"wp:attachment":[{"href":"https:\/\/nedir.az\/atalar-sozleri\/wp-json\/wp\/v2\/media?parent=6157"}],"wp:term":[{"taxonomy":"category","embeddable":true,"href":"https:\/\/nedir.az\/atalar-sozleri\/wp-json\/wp\/v2\/categories?post=6157"},{"taxonomy":"post_tag","embeddable":true,"href":"https:\/\/nedir.az\/atalar-sozleri\/wp-json\/wp\/v2\/tags?post=6157"}],"curies":[{"name":"wp","href":"https:\/\/api.w.org\/{rel}","templated":true}]}}