{"id":6153,"date":"2024-09-06T21:34:15","date_gmt":"2024-09-06T21:34:15","guid":{"rendered":""},"modified":"-0001-11-30T00:00:00","modified_gmt":"-0001-11-29T21:00:00","slug":"dunya-bari-yasam-dadi","status":"publish","type":"post","link":"https:\/\/nedir.az\/atalar-sozleri\/dunya-bari-yasam-dadi-atalar-sozunun-menasi-nedir","title":{"rendered":"D\u00fcnya Bar\u0131, Ya\u015fam Dad\u0131"},"content":{"rendered":"<p>&#8220;d\u00fcnya bar\u0131, ya\u015fam dad\u0131&#8221; atalar s\u00f6z\u00fcn\u00fcn m\u0259nas\u0131, insan\u0131n h\u0259yat\u0131nda ba\u015f ver\u0259n hadis\u0259l\u0259rin, ya\u015fanan t\u0259cr\u00fcb\u0259l\u0259rin v\u0259 qar\u015f\u0131la\u015fd\u0131\u011f\u0131 \u00e7\u0259tinlikl\u0259rin d\u0259y\u0259rini vur\u011fulayan bir ifad\u0259dir. Bu atalar s\u00f6z\u00fc, insan\u0131n h\u0259yat\u0131nda ba\u015f ver\u0259n h\u0259r \u015feyin bir s\u0259b\u0259bi oldu\u011funu, ya\u015fananlar\u0131n insan\u0131 formala\u015fd\u0131rd\u0131\u011f\u0131n\u0131 v\u0259 ona d\u0259rsl\u0259r verdiyini bildirir. H\u0259yat\u0131n \u00e7\u0259tinlikl\u0259ri, insan\u0131n inki\u015faf\u0131na v\u0259 daha g\u00fccl\u00fc olmas\u0131na k\u00f6m\u0259k edir. Bu s\u0259b\u0259bd\u0259n, h\u0259r bir t\u0259cr\u00fcb\u0259nin, h\u0259tta \u00e7\u0259tinlikl\u0259rin bel\u0259, bir d\u0259y\u0259ri vard\u0131r.<\/p>\n<p><b>Q\u0131sa M\u0259nas\u0131<\/b><br \/> H\u0259yatda ya\u015fanan h\u0259r \u015feyin bir d\u0259y\u0259ri var, \u00e7\u0259tinlikl\u0259r insan\u0131 formala\u015fd\u0131r\u0131r.<\/p>\n","protected":false},"excerpt":{"rendered":"<p>&#8220;d\u00fcnya bar\u0131, ya\u015fam dad\u0131&#8221; atalar s\u00f6z\u00fcn\u00fcn m\u0259nas\u0131, insan\u0131n h\u0259yat\u0131nda ba\u015f ver\u0259n hadis\u0259l\u0259rin, ya\u015fanan t\u0259cr\u00fcb\u0259l\u0259rin v\u0259 qar\u015f\u0131la\u015fd\u0131\u011f\u0131 \u00e7\u0259tinlikl\u0259rin d\u0259y\u0259rini vur\u011fulayan bir ifad\u0259dir. Bu atalar s\u00f6z\u00fc, insan\u0131n h\u0259yat\u0131nda ba\u015f ver\u0259n h\u0259r \u015feyin bir s\u0259b\u0259bi oldu\u011funu, ya\u015fananlar\u0131n insan\u0131 formala\u015fd\u0131rd\u0131\u011f\u0131n\u0131 v\u0259 ona d\u0259rsl\u0259r verdiyini bildirir. H\u0259yat\u0131n \u00e7\u0259tinlikl\u0259ri, insan\u0131n inki\u015faf\u0131na v\u0259 daha g\u00fccl\u00fc olmas\u0131na k\u00f6m\u0259k edir. Bu s\u0259b\u0259bd\u0259n, h\u0259r bir &#8230; <a title=\"D\u00fcnya Bar\u0131, Ya\u015fam Dad\u0131\" class=\"read-more\" href=\"https:\/\/nedir.az\/atalar-sozleri\/dunya-bari-yasam-dadi-atalar-sozunun-menasi-nedir\" aria-label=\"Read more about D\u00fcnya Bar\u0131, Ya\u015fam Dad\u0131\">Read more<\/a><\/p>\n","protected":false},"author":2,"featured_media":0,"comment_status":"open","ping_status":"open","sticky":false,"template":"","format":"standard","meta":{"footnotes":""},"categories":[1],"tags":[],"class_list":["post-6153","post","type-post","status-publish","format-standard","hentry","category-atalar-sozleri-atalar-sozu"],"aioseo_notices":[],"_links":{"self":[{"href":"https:\/\/nedir.az\/atalar-sozleri\/wp-json\/wp\/v2\/posts\/6153","targetHints":{"allow":["GET"]}}],"collection":[{"href":"https:\/\/nedir.az\/atalar-sozleri\/wp-json\/wp\/v2\/posts"}],"about":[{"href":"https:\/\/nedir.az\/atalar-sozleri\/wp-json\/wp\/v2\/types\/post"}],"author":[{"embeddable":true,"href":"https:\/\/nedir.az\/atalar-sozleri\/wp-json\/wp\/v2\/users\/2"}],"replies":[{"embeddable":true,"href":"https:\/\/nedir.az\/atalar-sozleri\/wp-json\/wp\/v2\/comments?post=6153"}],"version-history":[{"count":0,"href":"https:\/\/nedir.az\/atalar-sozleri\/wp-json\/wp\/v2\/posts\/6153\/revisions"}],"wp:attachment":[{"href":"https:\/\/nedir.az\/atalar-sozleri\/wp-json\/wp\/v2\/media?parent=6153"}],"wp:term":[{"taxonomy":"category","embeddable":true,"href":"https:\/\/nedir.az\/atalar-sozleri\/wp-json\/wp\/v2\/categories?post=6153"},{"taxonomy":"post_tag","embeddable":true,"href":"https:\/\/nedir.az\/atalar-sozleri\/wp-json\/wp\/v2\/tags?post=6153"}],"curies":[{"name":"wp","href":"https:\/\/api.w.org\/{rel}","templated":true}]}}