{"id":6152,"date":"2024-09-06T21:34:15","date_gmt":"2024-09-06T21:34:15","guid":{"rendered":""},"modified":"-0001-11-30T00:00:00","modified_gmt":"-0001-11-29T21:00:00","slug":"dunya-bala-donsede-ala-qarganin-gozu-poxdadi","status":"publish","type":"post","link":"https:\/\/nedir.az\/atalar-sozleri\/dunya-bala-donsede-ala-qarganin-gozu-poxdadi-atalar-sozunun-menasi-nedir","title":{"rendered":"D\u00fcnya Bala D\u00f6ns\u0259d\u0259, Ala Qar\u011fan\u0131n G\u00f6z\u00fc Poxdad\u0131"},"content":{"rendered":"<p>&#8220;d\u00fcnya bala d\u00f6ns\u0259d\u0259, ala qar\u011fan\u0131n g\u00f6z\u00fc poxdad\u0131&#8221; atalar s\u00f6z\u00fc, insanlar\u0131n \u00f6z xarakterl\u0259rini, davran\u0131\u015flar\u0131n\u0131 v\u0259 t\u0259bi\u0259tl\u0259rini d\u0259yi\u015fm\u0259y\u0259c\u0259yini ifad\u0259 edir. Bu s\u00f6z, bir insan\u0131n, x\u00fcsusil\u0259 d\u0259 m\u0259nfi x\u00fcsusiyy\u0259tl\u0259rinin, zamanla d\u0259yi\u015fm\u0259y\u0259c\u0259yini vur\u011fulay\u0131r. H\u0259r k\u0259sin \u00f6z t\u0259bi\u0259tin\u0259 uy\u011fun davrand\u0131\u011f\u0131n\u0131 v\u0259 bu t\u0259bi\u0259tin d\u0259yi\u015fm\u0259sinin \u00e7\u0259tin oldu\u011funu bildirir. Bel\u0259likl\u0259, insan\u0131n xarakteri v\u0259 davran\u0131\u015flar\u0131, onun i\u00e7ind\u0259ki &#8220;ala qar\u011fa&#8221; kimi, zamanla d\u0259yi\u015fm\u0259z qal\u0131r.<\/p>\n<p><b>Q\u0131sa M\u0259nas\u0131<\/b><br \/> \u0130nsanlar\u0131n xarakterl\u0259ri v\u0259 davran\u0131\u015flar\u0131 zamanla d\u0259yi\u015fmir.<\/p>\n","protected":false},"excerpt":{"rendered":"<p>&#8220;d\u00fcnya bala d\u00f6ns\u0259d\u0259, ala qar\u011fan\u0131n g\u00f6z\u00fc poxdad\u0131&#8221; atalar s\u00f6z\u00fc, insanlar\u0131n \u00f6z xarakterl\u0259rini, davran\u0131\u015flar\u0131n\u0131 v\u0259 t\u0259bi\u0259tl\u0259rini d\u0259yi\u015fm\u0259y\u0259c\u0259yini ifad\u0259 edir. Bu s\u00f6z, bir insan\u0131n, x\u00fcsusil\u0259 d\u0259 m\u0259nfi x\u00fcsusiyy\u0259tl\u0259rinin, zamanla d\u0259yi\u015fm\u0259y\u0259c\u0259yini vur\u011fulay\u0131r. H\u0259r k\u0259sin \u00f6z t\u0259bi\u0259tin\u0259 uy\u011fun davrand\u0131\u011f\u0131n\u0131 v\u0259 bu t\u0259bi\u0259tin d\u0259yi\u015fm\u0259sinin \u00e7\u0259tin oldu\u011funu bildirir. Bel\u0259likl\u0259, insan\u0131n xarakteri v\u0259 davran\u0131\u015flar\u0131, onun i\u00e7ind\u0259ki &#8220;ala qar\u011fa&#8221; kimi, zamanla d\u0259yi\u015fm\u0259z qal\u0131r. &#8230; <a title=\"D\u00fcnya Bala D\u00f6ns\u0259d\u0259, Ala Qar\u011fan\u0131n G\u00f6z\u00fc Poxdad\u0131\" class=\"read-more\" href=\"https:\/\/nedir.az\/atalar-sozleri\/dunya-bala-donsede-ala-qarganin-gozu-poxdadi-atalar-sozunun-menasi-nedir\" aria-label=\"Read more about D\u00fcnya Bala D\u00f6ns\u0259d\u0259, Ala Qar\u011fan\u0131n G\u00f6z\u00fc Poxdad\u0131\">Read more<\/a><\/p>\n","protected":false},"author":2,"featured_media":0,"comment_status":"open","ping_status":"open","sticky":false,"template":"","format":"standard","meta":{"footnotes":""},"categories":[1],"tags":[],"class_list":["post-6152","post","type-post","status-publish","format-standard","hentry","category-atalar-sozleri-atalar-sozu"],"aioseo_notices":[],"_links":{"self":[{"href":"https:\/\/nedir.az\/atalar-sozleri\/wp-json\/wp\/v2\/posts\/6152","targetHints":{"allow":["GET"]}}],"collection":[{"href":"https:\/\/nedir.az\/atalar-sozleri\/wp-json\/wp\/v2\/posts"}],"about":[{"href":"https:\/\/nedir.az\/atalar-sozleri\/wp-json\/wp\/v2\/types\/post"}],"author":[{"embeddable":true,"href":"https:\/\/nedir.az\/atalar-sozleri\/wp-json\/wp\/v2\/users\/2"}],"replies":[{"embeddable":true,"href":"https:\/\/nedir.az\/atalar-sozleri\/wp-json\/wp\/v2\/comments?post=6152"}],"version-history":[{"count":0,"href":"https:\/\/nedir.az\/atalar-sozleri\/wp-json\/wp\/v2\/posts\/6152\/revisions"}],"wp:attachment":[{"href":"https:\/\/nedir.az\/atalar-sozleri\/wp-json\/wp\/v2\/media?parent=6152"}],"wp:term":[{"taxonomy":"category","embeddable":true,"href":"https:\/\/nedir.az\/atalar-sozleri\/wp-json\/wp\/v2\/categories?post=6152"},{"taxonomy":"post_tag","embeddable":true,"href":"https:\/\/nedir.az\/atalar-sozleri\/wp-json\/wp\/v2\/tags?post=6152"}],"curies":[{"name":"wp","href":"https:\/\/api.w.org\/{rel}","templated":true}]}}