{"id":6151,"date":"2024-09-06T21:34:15","date_gmt":"2024-09-06T21:34:15","guid":{"rendered":""},"modified":"-0001-11-30T00:00:00","modified_gmt":"-0001-11-29T21:00:00","slug":"dunun-yadi-gunun-dadi-danin-adi-varmis","status":"publish","type":"post","link":"https:\/\/nedir.az\/atalar-sozleri\/dunun-yadi-gunun-dadi-danin-adi-varmis-atalar-sozunun-menasi-nedir","title":{"rendered":"D\u00fcn\u00fcn Yad\u0131, G\u00fcn\u00fcn Dad\u0131, Dan\u0131n Ad\u0131 Varm\u0131\u015f"},"content":{"rendered":"<p>\u201cd\u00fcn\u00fcn yad\u0131, g\u00fcn\u00fcn dad\u0131, dan\u0131n ad\u0131 varm\u0131\u015f\u201d atalar s\u00f6z\u00fcn\u00fcn m\u0259nas\u0131, ke\u00e7mi\u015fd\u0259 ba\u015f vermi\u015f hadis\u0259l\u0259rin, ya\u015fanm\u0131\u015f t\u0259cr\u00fcb\u0259l\u0259rin insan\u0131n indiki h\u0259yat\u0131na v\u0259 g\u0259l\u0259c\u0259yin\u0259 t\u0259sir etdiyini vur\u011fulay\u0131r. Bu atalar s\u00f6z\u00fc, insanlara ke\u00e7mi\u015fd\u0259ki t\u0259cr\u00fcb\u0259l\u0259rd\u0259n d\u0259rs \u00e7\u0131xarma\u011f\u0131n, onlar\u0131 unutmama\u011f\u0131n v\u0259 bu t\u0259cr\u00fcb\u0259l\u0259rin indiki v\u0259 g\u0259l\u0259c\u0259k h\u0259yatlar\u0131na y\u00f6n verm\u0259sinin vacibliyini xat\u0131rlad\u0131r. H\u0259m\u00e7inin, bu s\u00f6z, zaman\u0131n d\u0259y\u0259rini v\u0259 h\u0259r bir an\u0131n \u00f6z\u00fcn\u0259m\u0259xsus oldu\u011funu da ifad\u0259 edir.<\/p>\n<p><b>Q\u0131sa M\u0259nas\u0131<\/b><br \/>Ke\u00e7mi\u015f t\u0259cr\u00fcb\u0259l\u0259rin indiki v\u0259 g\u0259l\u0259c\u0259k h\u0259yat\u0131m\u0131za t\u0259sirini vur\u011fulay\u0131r.<\/p>\n","protected":false},"excerpt":{"rendered":"<p>\u201cd\u00fcn\u00fcn yad\u0131, g\u00fcn\u00fcn dad\u0131, dan\u0131n ad\u0131 varm\u0131\u015f\u201d atalar s\u00f6z\u00fcn\u00fcn m\u0259nas\u0131, ke\u00e7mi\u015fd\u0259 ba\u015f vermi\u015f hadis\u0259l\u0259rin, ya\u015fanm\u0131\u015f t\u0259cr\u00fcb\u0259l\u0259rin insan\u0131n indiki h\u0259yat\u0131na v\u0259 g\u0259l\u0259c\u0259yin\u0259 t\u0259sir etdiyini vur\u011fulay\u0131r. Bu atalar s\u00f6z\u00fc, insanlara ke\u00e7mi\u015fd\u0259ki t\u0259cr\u00fcb\u0259l\u0259rd\u0259n d\u0259rs \u00e7\u0131xarma\u011f\u0131n, onlar\u0131 unutmama\u011f\u0131n v\u0259 bu t\u0259cr\u00fcb\u0259l\u0259rin indiki v\u0259 g\u0259l\u0259c\u0259k h\u0259yatlar\u0131na y\u00f6n verm\u0259sinin vacibliyini xat\u0131rlad\u0131r. H\u0259m\u00e7inin, bu s\u00f6z, zaman\u0131n d\u0259y\u0259rini v\u0259 h\u0259r bir an\u0131n \u00f6z\u00fcn\u0259m\u0259xsus &#8230; <a title=\"D\u00fcn\u00fcn Yad\u0131, G\u00fcn\u00fcn Dad\u0131, Dan\u0131n Ad\u0131 Varm\u0131\u015f\" class=\"read-more\" href=\"https:\/\/nedir.az\/atalar-sozleri\/dunun-yadi-gunun-dadi-danin-adi-varmis-atalar-sozunun-menasi-nedir\" aria-label=\"Read more about D\u00fcn\u00fcn Yad\u0131, G\u00fcn\u00fcn Dad\u0131, Dan\u0131n Ad\u0131 Varm\u0131\u015f\">Read more<\/a><\/p>\n","protected":false},"author":2,"featured_media":0,"comment_status":"open","ping_status":"open","sticky":false,"template":"","format":"standard","meta":{"footnotes":""},"categories":[1],"tags":[],"class_list":["post-6151","post","type-post","status-publish","format-standard","hentry","category-atalar-sozleri-atalar-sozu"],"aioseo_notices":[],"_links":{"self":[{"href":"https:\/\/nedir.az\/atalar-sozleri\/wp-json\/wp\/v2\/posts\/6151","targetHints":{"allow":["GET"]}}],"collection":[{"href":"https:\/\/nedir.az\/atalar-sozleri\/wp-json\/wp\/v2\/posts"}],"about":[{"href":"https:\/\/nedir.az\/atalar-sozleri\/wp-json\/wp\/v2\/types\/post"}],"author":[{"embeddable":true,"href":"https:\/\/nedir.az\/atalar-sozleri\/wp-json\/wp\/v2\/users\/2"}],"replies":[{"embeddable":true,"href":"https:\/\/nedir.az\/atalar-sozleri\/wp-json\/wp\/v2\/comments?post=6151"}],"version-history":[{"count":0,"href":"https:\/\/nedir.az\/atalar-sozleri\/wp-json\/wp\/v2\/posts\/6151\/revisions"}],"wp:attachment":[{"href":"https:\/\/nedir.az\/atalar-sozleri\/wp-json\/wp\/v2\/media?parent=6151"}],"wp:term":[{"taxonomy":"category","embeddable":true,"href":"https:\/\/nedir.az\/atalar-sozleri\/wp-json\/wp\/v2\/categories?post=6151"},{"taxonomy":"post_tag","embeddable":true,"href":"https:\/\/nedir.az\/atalar-sozleri\/wp-json\/wp\/v2\/tags?post=6151"}],"curies":[{"name":"wp","href":"https:\/\/api.w.org\/{rel}","templated":true}]}}