{"id":6150,"date":"2024-09-06T21:34:15","date_gmt":"2024-09-06T21:34:15","guid":{"rendered":""},"modified":"-0001-11-30T00:00:00","modified_gmt":"-0001-11-29T21:00:00","slug":"dunun-otmus-gunun-gelmis-elinde-yarin-ucun-beklenmez-geler-gelmez-bellenmez","status":"publish","type":"post","link":"https:\/\/nedir.az\/atalar-sozleri\/dunun-otmus-gunun-gelmis-elinde-yarin-ucun-beklenmez-geler-gelmez-bellenmez-atalar-sozunun-menasi-nedir","title":{"rendered":"D\u00fcn\u00fcn \u00d6tm\u00fc\u015f, G\u00fcn\u00fcn G\u0259lmi\u015f \u018flind\u0259, Yar\u0131n \u00dc\u00e7\u00fcn B\u0259kl\u0259nm\u0259z, G\u0259l\u0259r G\u0259lm\u0259z B\u0259ll\u0259nm\u0259z"},"content":{"rendered":"<p>\u201cd\u00fcn\u00fcn \u00f6tm\u00fc\u015f, g\u00fcn\u00fcn g\u0259lmi\u015f \u0259lind\u0259, yar\u0131n \u00fc\u00e7\u00fcn b\u0259kl\u0259nm\u0259z, g\u0259l\u0259r g\u0259lm\u0259z b\u0259ll\u0259nm\u0259z\u201d atalar s\u00f6z\u00fc, insanlara zaman\u0131n ke\u00e7ici oldu\u011funu v\u0259 g\u0259l\u0259c\u0259kd\u0259 n\u0259 olaca\u011f\u0131n\u0131 bilm\u0259k m\u00fcmk\u00fcn olmad\u0131\u011f\u0131n\u0131 xat\u0131rlad\u0131r. Bu s\u00f6z, insan\u0131n ke\u00e7mi\u015fd\u0259ki hadis\u0259l\u0259r\u0259 ba\u011fl\u0131 qalmamas\u0131, indiki an\u0131 d\u0259y\u0259rl\u0259ndirm\u0259si v\u0259 g\u0259l\u0259c\u0259y\u0259 dair planlar qurark\u0259n ehtiyatl\u0131 olmas\u0131 g\u0259r\u0259kdiyini vur\u011fulay\u0131r. H\u0259yat\u0131n s\u00fcr\u0259tl\u0259 d\u0259yi\u015fdiyini, b\u0259z\u0259n g\u00f6zl\u0259nilm\u0259z hadis\u0259l\u0259rin ba\u015f ver\u0259 bil\u0259c\u0259yini ifad\u0259 edir. <\/p>\n<p><b>Q\u0131sa M\u0259nas\u0131<\/b><br \/> Zaman\u0131n ke\u00e7ici oldu\u011funu, g\u0259l\u0259c\u0259k haqq\u0131nda qeyri-m\u00fc\u0259yy\u0259nlik oldu\u011funu bildirir.<\/p>\n","protected":false},"excerpt":{"rendered":"<p>\u201cd\u00fcn\u00fcn \u00f6tm\u00fc\u015f, g\u00fcn\u00fcn g\u0259lmi\u015f \u0259lind\u0259, yar\u0131n \u00fc\u00e7\u00fcn b\u0259kl\u0259nm\u0259z, g\u0259l\u0259r g\u0259lm\u0259z b\u0259ll\u0259nm\u0259z\u201d atalar s\u00f6z\u00fc, insanlara zaman\u0131n ke\u00e7ici oldu\u011funu v\u0259 g\u0259l\u0259c\u0259kd\u0259 n\u0259 olaca\u011f\u0131n\u0131 bilm\u0259k m\u00fcmk\u00fcn olmad\u0131\u011f\u0131n\u0131 xat\u0131rlad\u0131r. Bu s\u00f6z, insan\u0131n ke\u00e7mi\u015fd\u0259ki hadis\u0259l\u0259r\u0259 ba\u011fl\u0131 qalmamas\u0131, indiki an\u0131 d\u0259y\u0259rl\u0259ndirm\u0259si v\u0259 g\u0259l\u0259c\u0259y\u0259 dair planlar qurark\u0259n ehtiyatl\u0131 olmas\u0131 g\u0259r\u0259kdiyini vur\u011fulay\u0131r. H\u0259yat\u0131n s\u00fcr\u0259tl\u0259 d\u0259yi\u015fdiyini, b\u0259z\u0259n g\u00f6zl\u0259nilm\u0259z hadis\u0259l\u0259rin ba\u015f ver\u0259 bil\u0259c\u0259yini ifad\u0259 edir. &#8230; <a title=\"D\u00fcn\u00fcn \u00d6tm\u00fc\u015f, G\u00fcn\u00fcn G\u0259lmi\u015f \u018flind\u0259, Yar\u0131n \u00dc\u00e7\u00fcn B\u0259kl\u0259nm\u0259z, G\u0259l\u0259r G\u0259lm\u0259z B\u0259ll\u0259nm\u0259z\" class=\"read-more\" href=\"https:\/\/nedir.az\/atalar-sozleri\/dunun-otmus-gunun-gelmis-elinde-yarin-ucun-beklenmez-geler-gelmez-bellenmez-atalar-sozunun-menasi-nedir\" aria-label=\"Read more about D\u00fcn\u00fcn \u00d6tm\u00fc\u015f, G\u00fcn\u00fcn G\u0259lmi\u015f \u018flind\u0259, Yar\u0131n \u00dc\u00e7\u00fcn B\u0259kl\u0259nm\u0259z, G\u0259l\u0259r G\u0259lm\u0259z B\u0259ll\u0259nm\u0259z\">Read more<\/a><\/p>\n","protected":false},"author":2,"featured_media":0,"comment_status":"open","ping_status":"open","sticky":false,"template":"","format":"standard","meta":{"footnotes":""},"categories":[1],"tags":[],"class_list":["post-6150","post","type-post","status-publish","format-standard","hentry","category-atalar-sozleri-atalar-sozu"],"aioseo_notices":[],"_links":{"self":[{"href":"https:\/\/nedir.az\/atalar-sozleri\/wp-json\/wp\/v2\/posts\/6150","targetHints":{"allow":["GET"]}}],"collection":[{"href":"https:\/\/nedir.az\/atalar-sozleri\/wp-json\/wp\/v2\/posts"}],"about":[{"href":"https:\/\/nedir.az\/atalar-sozleri\/wp-json\/wp\/v2\/types\/post"}],"author":[{"embeddable":true,"href":"https:\/\/nedir.az\/atalar-sozleri\/wp-json\/wp\/v2\/users\/2"}],"replies":[{"embeddable":true,"href":"https:\/\/nedir.az\/atalar-sozleri\/wp-json\/wp\/v2\/comments?post=6150"}],"version-history":[{"count":0,"href":"https:\/\/nedir.az\/atalar-sozleri\/wp-json\/wp\/v2\/posts\/6150\/revisions"}],"wp:attachment":[{"href":"https:\/\/nedir.az\/atalar-sozleri\/wp-json\/wp\/v2\/media?parent=6150"}],"wp:term":[{"taxonomy":"category","embeddable":true,"href":"https:\/\/nedir.az\/atalar-sozleri\/wp-json\/wp\/v2\/categories?post=6150"},{"taxonomy":"post_tag","embeddable":true,"href":"https:\/\/nedir.az\/atalar-sozleri\/wp-json\/wp\/v2\/tags?post=6150"}],"curies":[{"name":"wp","href":"https:\/\/api.w.org\/{rel}","templated":true}]}}