{"id":6147,"date":"2024-09-06T21:34:15","date_gmt":"2024-09-06T21:34:15","guid":{"rendered":""},"modified":"-0001-11-30T00:00:00","modified_gmt":"-0001-11-29T21:00:00","slug":"dunun-kecmis-unutqil-yasam-sursen-indi-sur-bekle-geler-yarinin","status":"publish","type":"post","link":"https:\/\/nedir.az\/atalar-sozleri\/dunun-kecmis-unutqil-yasam-sursen-indi-sur-bekle-geler-yarinin-atalar-sozunun-menasi-nedir","title":{"rendered":"D\u00fcn\u00fcn Ke\u00e7mi\u015f Unutq\u0131l, Ya\u015fam S\u00fcrs\u0259n Indi S\u00fcr, B\u0259kl\u0259 G\u0259l\u0259r Yar\u0131n\u0131n"},"content":{"rendered":"<p>\u201cd\u00fcn\u00fcn ke\u00e7mi\u015f unutq\u0131l, ya\u015fam s\u00fcrs\u0259n indi s\u00fcr, b\u0259kl\u0259 g\u0259l\u0259r yar\u0131n\u0131n\u201d atalar s\u00f6z\u00fc, insanlara ke\u00e7mi\u015fd\u0259ki hadis\u0259l\u0259ri unutma\u011f\u0131, indiki zamanda ya\u015fama\u011f\u0131 v\u0259 g\u0259l\u0259c\u0259y\u0259 \u00fcmidl\u0259 baxma\u011f\u0131 t\u00f6vsiy\u0259 edir. Bu s\u00f6z, insan\u0131n h\u0259yat\u0131nda ba\u015f ver\u0259n \u00e7\u0259tinlikl\u0259r\u0259 baxmayaraq, h\u0259r zaman yeni imkanlar\u0131n v\u0259 g\u00f6z\u0259l g\u00fcnl\u0259rin g\u0259l\u0259c\u0259yini vur\u011fulay\u0131r. Ke\u00e7mi\u015fd\u0259ki u\u011fursuzluqlar\u0131n insan\u0131 narahat etm\u0259m\u0259si, indiki an\u0131n d\u0259y\u0259rini bilm\u0259si v\u0259 g\u0259l\u0259c\u0259y\u0259 inamla yana\u015fmas\u0131 \u00f6n\u0259mlidir.<\/p>\n<p><b>Q\u0131sa M\u0259nas\u0131<\/b><br \/>Ke\u00e7mi\u015fi unut, indiki an\u0131 ya\u015fa v\u0259 g\u0259l\u0259c\u0259y\u0259 \u00fcmidl\u0259 bax.<\/p>\n","protected":false},"excerpt":{"rendered":"<p>\u201cd\u00fcn\u00fcn ke\u00e7mi\u015f unutq\u0131l, ya\u015fam s\u00fcrs\u0259n indi s\u00fcr, b\u0259kl\u0259 g\u0259l\u0259r yar\u0131n\u0131n\u201d atalar s\u00f6z\u00fc, insanlara ke\u00e7mi\u015fd\u0259ki hadis\u0259l\u0259ri unutma\u011f\u0131, indiki zamanda ya\u015fama\u011f\u0131 v\u0259 g\u0259l\u0259c\u0259y\u0259 \u00fcmidl\u0259 baxma\u011f\u0131 t\u00f6vsiy\u0259 edir. Bu s\u00f6z, insan\u0131n h\u0259yat\u0131nda ba\u015f ver\u0259n \u00e7\u0259tinlikl\u0259r\u0259 baxmayaraq, h\u0259r zaman yeni imkanlar\u0131n v\u0259 g\u00f6z\u0259l g\u00fcnl\u0259rin g\u0259l\u0259c\u0259yini vur\u011fulay\u0131r. Ke\u00e7mi\u015fd\u0259ki u\u011fursuzluqlar\u0131n insan\u0131 narahat etm\u0259m\u0259si, indiki an\u0131n d\u0259y\u0259rini bilm\u0259si v\u0259 g\u0259l\u0259c\u0259y\u0259 inamla yana\u015fmas\u0131 &#8230; <a title=\"D\u00fcn\u00fcn Ke\u00e7mi\u015f Unutq\u0131l, Ya\u015fam S\u00fcrs\u0259n Indi S\u00fcr, B\u0259kl\u0259 G\u0259l\u0259r Yar\u0131n\u0131n\" class=\"read-more\" href=\"https:\/\/nedir.az\/atalar-sozleri\/dunun-kecmis-unutqil-yasam-sursen-indi-sur-bekle-geler-yarinin-atalar-sozunun-menasi-nedir\" aria-label=\"Read more about D\u00fcn\u00fcn Ke\u00e7mi\u015f Unutq\u0131l, Ya\u015fam S\u00fcrs\u0259n Indi S\u00fcr, B\u0259kl\u0259 G\u0259l\u0259r Yar\u0131n\u0131n\">Read more<\/a><\/p>\n","protected":false},"author":2,"featured_media":0,"comment_status":"open","ping_status":"open","sticky":false,"template":"","format":"standard","meta":{"footnotes":""},"categories":[1],"tags":[],"class_list":["post-6147","post","type-post","status-publish","format-standard","hentry","category-atalar-sozleri-atalar-sozu"],"aioseo_notices":[],"_links":{"self":[{"href":"https:\/\/nedir.az\/atalar-sozleri\/wp-json\/wp\/v2\/posts\/6147","targetHints":{"allow":["GET"]}}],"collection":[{"href":"https:\/\/nedir.az\/atalar-sozleri\/wp-json\/wp\/v2\/posts"}],"about":[{"href":"https:\/\/nedir.az\/atalar-sozleri\/wp-json\/wp\/v2\/types\/post"}],"author":[{"embeddable":true,"href":"https:\/\/nedir.az\/atalar-sozleri\/wp-json\/wp\/v2\/users\/2"}],"replies":[{"embeddable":true,"href":"https:\/\/nedir.az\/atalar-sozleri\/wp-json\/wp\/v2\/comments?post=6147"}],"version-history":[{"count":0,"href":"https:\/\/nedir.az\/atalar-sozleri\/wp-json\/wp\/v2\/posts\/6147\/revisions"}],"wp:attachment":[{"href":"https:\/\/nedir.az\/atalar-sozleri\/wp-json\/wp\/v2\/media?parent=6147"}],"wp:term":[{"taxonomy":"category","embeddable":true,"href":"https:\/\/nedir.az\/atalar-sozleri\/wp-json\/wp\/v2\/categories?post=6147"},{"taxonomy":"post_tag","embeddable":true,"href":"https:\/\/nedir.az\/atalar-sozleri\/wp-json\/wp\/v2\/tags?post=6147"}],"curies":[{"name":"wp","href":"https:\/\/api.w.org\/{rel}","templated":true}]}}