{"id":6138,"date":"2024-09-06T21:34:15","date_gmt":"2024-09-06T21:34:15","guid":{"rendered":""},"modified":"-0001-11-30T00:00:00","modified_gmt":"-0001-11-29T21:00:00","slug":"dunu-bekler-kecirdim-gunu-senli-yarin-sensiz-kececek","status":"publish","type":"post","link":"https:\/\/nedir.az\/atalar-sozleri\/dunu-bekler-kecirdim-gunu-senli-yarin-sensiz-kececek-atalar-sozunun-menasi-nedir","title":{"rendered":"D\u00fcn\u00fc B\u0259kl\u0259r Ke\u00e7irdim, G\u00fcn\u00fc S\u0259nli, Yar\u0131n S\u0259nsiz Ke\u00e7\u0259c\u0259k"},"content":{"rendered":"<p>\u201cd\u00fcn\u00fc b\u0259kl\u0259r ke\u00e7irdim, g\u00fcn\u00fc s\u0259nli, yar\u0131n s\u0259nsiz ke\u00e7\u0259c\u0259k\u201d atalar s\u00f6z\u00fc, insan\u0131n ke\u00e7mi\u015fd\u0259ki g\u00f6zl\u0259ntil\u0259ri, indiki zaman\u0131n birlikd\u0259 oldu\u011fu anlar\u0131 v\u0259 g\u0259l\u0259c\u0259kd\u0259ki t\u0259kliyi ifad\u0259 edir. Bu s\u00f6z, insan\u0131n h\u0259yat\u0131nda ba\u015f ver\u0259n d\u00f6vrl\u0259rin bir-biri il\u0259 ba\u011fl\u0131 oldu\u011funu, ke\u00e7mi\u015fin g\u00f6zl\u0259ntil\u0259ri il\u0259 indiki zaman\u0131n birlikd\u0259 ya\u015fanmas\u0131n\u0131n \u0259h\u0259miyy\u0259tini vur\u011fulay\u0131r. Eyni zamanda, g\u0259l\u0259c\u0259kd\u0259 sevdikl\u0259rimizin yan\u0131nda olmama\u011f\u0131n, t\u0259k qalma\u011f\u0131n g\u0259tir\u0259c\u0259yi hissl\u0259ri d\u0259 ifad\u0259 edir. Bu atalar s\u00f6z\u00fc, insan\u0131n m\u00fcnasib\u0259tl\u0259rinin d\u0259y\u0259rini, birlikd\u0259 ke\u00e7irdiyi zaman\u0131n \u0259h\u0259miyy\u0259tini v\u0259 ayr\u0131l\u0131\u011f\u0131n ac\u0131s\u0131n\u0131 xat\u0131rlad\u0131r.<\/p>\n<p><b>Q\u0131sa M\u0259nas\u0131<\/b><br \/>Bu atalar s\u00f6z\u00fc, ke\u00e7mi\u015fin g\u00f6zl\u0259ntil\u0259ri, indiki zaman\u0131n birlikd\u0259liyi v\u0259 g\u0259l\u0259c\u0259kd\u0259ki t\u0259kliyi vur\u011fulay\u0131r.<\/p>\n","protected":false},"excerpt":{"rendered":"<p>\u201cd\u00fcn\u00fc b\u0259kl\u0259r ke\u00e7irdim, g\u00fcn\u00fc s\u0259nli, yar\u0131n s\u0259nsiz ke\u00e7\u0259c\u0259k\u201d atalar s\u00f6z\u00fc, insan\u0131n ke\u00e7mi\u015fd\u0259ki g\u00f6zl\u0259ntil\u0259ri, indiki zaman\u0131n birlikd\u0259 oldu\u011fu anlar\u0131 v\u0259 g\u0259l\u0259c\u0259kd\u0259ki t\u0259kliyi ifad\u0259 edir. Bu s\u00f6z, insan\u0131n h\u0259yat\u0131nda ba\u015f ver\u0259n d\u00f6vrl\u0259rin bir-biri il\u0259 ba\u011fl\u0131 oldu\u011funu, ke\u00e7mi\u015fin g\u00f6zl\u0259ntil\u0259ri il\u0259 indiki zaman\u0131n birlikd\u0259 ya\u015fanmas\u0131n\u0131n \u0259h\u0259miyy\u0259tini vur\u011fulay\u0131r. Eyni zamanda, g\u0259l\u0259c\u0259kd\u0259 sevdikl\u0259rimizin yan\u0131nda olmama\u011f\u0131n, t\u0259k qalma\u011f\u0131n g\u0259tir\u0259c\u0259yi hissl\u0259ri d\u0259 ifad\u0259 &#8230; <a title=\"D\u00fcn\u00fc B\u0259kl\u0259r Ke\u00e7irdim, G\u00fcn\u00fc S\u0259nli, Yar\u0131n S\u0259nsiz Ke\u00e7\u0259c\u0259k\" class=\"read-more\" href=\"https:\/\/nedir.az\/atalar-sozleri\/dunu-bekler-kecirdim-gunu-senli-yarin-sensiz-kececek-atalar-sozunun-menasi-nedir\" aria-label=\"Read more about D\u00fcn\u00fc B\u0259kl\u0259r Ke\u00e7irdim, G\u00fcn\u00fc S\u0259nli, Yar\u0131n S\u0259nsiz Ke\u00e7\u0259c\u0259k\">Read more<\/a><\/p>\n","protected":false},"author":2,"featured_media":0,"comment_status":"open","ping_status":"open","sticky":false,"template":"","format":"standard","meta":{"footnotes":""},"categories":[1],"tags":[],"class_list":["post-6138","post","type-post","status-publish","format-standard","hentry","category-atalar-sozleri-atalar-sozu"],"aioseo_notices":[],"_links":{"self":[{"href":"https:\/\/nedir.az\/atalar-sozleri\/wp-json\/wp\/v2\/posts\/6138","targetHints":{"allow":["GET"]}}],"collection":[{"href":"https:\/\/nedir.az\/atalar-sozleri\/wp-json\/wp\/v2\/posts"}],"about":[{"href":"https:\/\/nedir.az\/atalar-sozleri\/wp-json\/wp\/v2\/types\/post"}],"author":[{"embeddable":true,"href":"https:\/\/nedir.az\/atalar-sozleri\/wp-json\/wp\/v2\/users\/2"}],"replies":[{"embeddable":true,"href":"https:\/\/nedir.az\/atalar-sozleri\/wp-json\/wp\/v2\/comments?post=6138"}],"version-history":[{"count":0,"href":"https:\/\/nedir.az\/atalar-sozleri\/wp-json\/wp\/v2\/posts\/6138\/revisions"}],"wp:attachment":[{"href":"https:\/\/nedir.az\/atalar-sozleri\/wp-json\/wp\/v2\/media?parent=6138"}],"wp:term":[{"taxonomy":"category","embeddable":true,"href":"https:\/\/nedir.az\/atalar-sozleri\/wp-json\/wp\/v2\/categories?post=6138"},{"taxonomy":"post_tag","embeddable":true,"href":"https:\/\/nedir.az\/atalar-sozleri\/wp-json\/wp\/v2\/tags?post=6138"}],"curies":[{"name":"wp","href":"https:\/\/api.w.org\/{rel}","templated":true}]}}