{"id":6132,"date":"2024-09-06T21:34:15","date_gmt":"2024-09-06T21:34:15","guid":{"rendered":""},"modified":"-0001-11-30T00:00:00","modified_gmt":"-0001-11-29T21:00:00","slug":"dunenki-dunde-qaldi-cagdasligi-tut-yasa","status":"publish","type":"post","link":"https:\/\/nedir.az\/atalar-sozleri\/dunenki-dunde-qaldi-cagdasligi-tut-yasa-atalar-sozunun-menasi-nedir","title":{"rendered":"D\u00fcn\u0259nki D\u00fcnd\u0259 Qald\u0131, \u00c7a\u011fda\u015fl\u0131\u011f\u0131 Tut Ya\u015fa"},"content":{"rendered":"<p>\u201cd\u00fcn\u0259nki d\u00fcnd\u0259 qald\u0131, \u00e7a\u011fda\u015fl\u0131\u011f\u0131 tut ya\u015fa\u201d atalar s\u00f6z\u00fc, insanlara ke\u00e7mi\u015fd\u0259 ba\u015f ver\u0259n hadis\u0259l\u0259rin, d\u00fc\u015f\u00fcnc\u0259l\u0259rin v\u0259 ya t\u0259cr\u00fcb\u0259l\u0259rin art\u0131q gerid\u0259 qald\u0131\u011f\u0131n\u0131, onlar\u0131n yerin\u0259 m\u00fcasir d\u00f6vr\u00fcn t\u0259l\u0259bl\u0259rin\u0259 uy\u011fun ya\u015fama\u011f\u0131n vacibliyini vur\u011fulay\u0131r. Bu s\u00f6z, insanlar\u0131 ir\u0259lil\u0259m\u0259y\u0259, yenilikl\u0259r\u0259 a\u00e7\u0131q olma\u011fa v\u0259 zaman\u0131n t\u0259l\u0259bl\u0259rin\u0259 uy\u011funla\u015fma\u011fa t\u0259\u015fviq edir. Ke\u00e7mi\u015fd\u0259ki u\u011fursuzluqlar\u0131n v\u0259 ya u\u011furlar\u0131n insan\u0131n indiki h\u0259yat\u0131na t\u0259sir etm\u0259m\u0259si, \u0259ksin\u0259, m\u00fcasir d\u00f6vrd\u0259ki imkanlardan faydalanma\u011f\u0131n \u00f6n\u0259mi \u00f6n plana \u00e7\u0131xar\u0131l\u0131r.<\/p>\n<p><b>Q\u0131sa M\u0259nas\u0131<\/b><br \/>Ke\u00e7mi\u015fi unudub, m\u00fcasir d\u00f6vr\u0259 uy\u011fun ya\u015fama\u011f\u0131n vacibliyi.<\/p>\n","protected":false},"excerpt":{"rendered":"<p>\u201cd\u00fcn\u0259nki d\u00fcnd\u0259 qald\u0131, \u00e7a\u011fda\u015fl\u0131\u011f\u0131 tut ya\u015fa\u201d atalar s\u00f6z\u00fc, insanlara ke\u00e7mi\u015fd\u0259 ba\u015f ver\u0259n hadis\u0259l\u0259rin, d\u00fc\u015f\u00fcnc\u0259l\u0259rin v\u0259 ya t\u0259cr\u00fcb\u0259l\u0259rin art\u0131q gerid\u0259 qald\u0131\u011f\u0131n\u0131, onlar\u0131n yerin\u0259 m\u00fcasir d\u00f6vr\u00fcn t\u0259l\u0259bl\u0259rin\u0259 uy\u011fun ya\u015fama\u011f\u0131n vacibliyini vur\u011fulay\u0131r. Bu s\u00f6z, insanlar\u0131 ir\u0259lil\u0259m\u0259y\u0259, yenilikl\u0259r\u0259 a\u00e7\u0131q olma\u011fa v\u0259 zaman\u0131n t\u0259l\u0259bl\u0259rin\u0259 uy\u011funla\u015fma\u011fa t\u0259\u015fviq edir. Ke\u00e7mi\u015fd\u0259ki u\u011fursuzluqlar\u0131n v\u0259 ya u\u011furlar\u0131n insan\u0131n indiki h\u0259yat\u0131na t\u0259sir etm\u0259m\u0259si, \u0259ksin\u0259, m\u00fcasir d\u00f6vrd\u0259ki &#8230; <a title=\"D\u00fcn\u0259nki D\u00fcnd\u0259 Qald\u0131, \u00c7a\u011fda\u015fl\u0131\u011f\u0131 Tut Ya\u015fa\" class=\"read-more\" href=\"https:\/\/nedir.az\/atalar-sozleri\/dunenki-dunde-qaldi-cagdasligi-tut-yasa-atalar-sozunun-menasi-nedir\" aria-label=\"Read more about D\u00fcn\u0259nki D\u00fcnd\u0259 Qald\u0131, \u00c7a\u011fda\u015fl\u0131\u011f\u0131 Tut Ya\u015fa\">Read more<\/a><\/p>\n","protected":false},"author":2,"featured_media":0,"comment_status":"open","ping_status":"open","sticky":false,"template":"","format":"standard","meta":{"footnotes":""},"categories":[1],"tags":[],"class_list":["post-6132","post","type-post","status-publish","format-standard","hentry","category-atalar-sozleri-atalar-sozu"],"aioseo_notices":[],"_links":{"self":[{"href":"https:\/\/nedir.az\/atalar-sozleri\/wp-json\/wp\/v2\/posts\/6132","targetHints":{"allow":["GET"]}}],"collection":[{"href":"https:\/\/nedir.az\/atalar-sozleri\/wp-json\/wp\/v2\/posts"}],"about":[{"href":"https:\/\/nedir.az\/atalar-sozleri\/wp-json\/wp\/v2\/types\/post"}],"author":[{"embeddable":true,"href":"https:\/\/nedir.az\/atalar-sozleri\/wp-json\/wp\/v2\/users\/2"}],"replies":[{"embeddable":true,"href":"https:\/\/nedir.az\/atalar-sozleri\/wp-json\/wp\/v2\/comments?post=6132"}],"version-history":[{"count":0,"href":"https:\/\/nedir.az\/atalar-sozleri\/wp-json\/wp\/v2\/posts\/6132\/revisions"}],"wp:attachment":[{"href":"https:\/\/nedir.az\/atalar-sozleri\/wp-json\/wp\/v2\/media?parent=6132"}],"wp:term":[{"taxonomy":"category","embeddable":true,"href":"https:\/\/nedir.az\/atalar-sozleri\/wp-json\/wp\/v2\/categories?post=6132"},{"taxonomy":"post_tag","embeddable":true,"href":"https:\/\/nedir.az\/atalar-sozleri\/wp-json\/wp\/v2\/tags?post=6132"}],"curies":[{"name":"wp","href":"https:\/\/api.w.org\/{rel}","templated":true}]}}