{"id":6131,"date":"2024-09-06T21:34:15","date_gmt":"2024-09-06T21:34:15","guid":{"rendered":""},"modified":"-0001-11-30T00:00:00","modified_gmt":"-0001-11-29T21:00:00","slug":"dunenki-bu-gune-qalmaz-bu-gunki-yarina-qalmaz-oxsamaz","status":"publish","type":"post","link":"https:\/\/nedir.az\/atalar-sozleri\/dunenki-bu-gune-qalmaz-bu-gunki-yarina-qalmaz-oxsamaz-atalar-sozunun-menasi-nedir","title":{"rendered":"D\u00fcn\u0259nki Bu G\u00fcn\u0259 Qalmaz, Bu G\u00fcnki Yar\u0131na. (qalmaz: Ox\u015famaz)"},"content":{"rendered":"<p>&#8220;d\u00fcn\u0259nki bu g\u00fcn\u0259 qalmaz, bu g\u00fcnki yar\u0131na. (qalmaz: ox\u015famaz)&#8221; atalar s\u00f6z\u00fcn\u00fcn m\u0259nas\u0131, zaman\u0131n ke\u00e7iciliyini v\u0259 h\u0259r \u015feyin d\u0259yi\u015fk\u0259n oldu\u011funu vur\u011fulay\u0131r. Bu s\u00f6z, ke\u00e7mi\u015fd\u0259 ba\u015f ver\u0259nl\u0259rin indiki zamana t\u0259sir etm\u0259diyini, eyni zamanda bu g\u00fcn\u00fcn d\u0259 g\u0259l\u0259c\u0259kd\u0259ki hadis\u0259l\u0259r\u0259 t\u0259sir ed\u0259c\u0259yini ifad\u0259 edir. Y\u0259ni, insanlar ke\u00e7mi\u015fd\u0259ki t\u0259cr\u00fcb\u0259l\u0259rd\u0259n d\u0259rs almal\u0131, lakin onlar\u0131 unudaraq indiki zamana fokuslanmal\u0131d\u0131rlar. H\u0259m\u00e7inin, bu atalar s\u00f6z\u00fc, insanlara h\u0259r an\u0131n d\u0259y\u0259rini bilm\u0259l\u0259rini v\u0259 g\u0259l\u0259c\u0259y\u0259 haz\u0131rl\u0131ql\u0131 olmalar\u0131n\u0131 t\u00f6vsiy\u0259 edir.<\/p>\n<p><b>Q\u0131sa M\u0259nas\u0131<\/b><br \/> Zaman\u0131n ke\u00e7iciliyini v\u0259 d\u0259yi\u015fk\u0259nliyini vur\u011fulay\u0131r; ke\u00e7mi\u015fin indiki zamana, indikin is\u0259 g\u0259l\u0259c\u0259y\u0259 t\u0259sir etdiyini bildirir.<\/p>\n","protected":false},"excerpt":{"rendered":"<p>&#8220;d\u00fcn\u0259nki bu g\u00fcn\u0259 qalmaz, bu g\u00fcnki yar\u0131na. (qalmaz: ox\u015famaz)&#8221; atalar s\u00f6z\u00fcn\u00fcn m\u0259nas\u0131, zaman\u0131n ke\u00e7iciliyini v\u0259 h\u0259r \u015feyin d\u0259yi\u015fk\u0259n oldu\u011funu vur\u011fulay\u0131r. Bu s\u00f6z, ke\u00e7mi\u015fd\u0259 ba\u015f ver\u0259nl\u0259rin indiki zamana t\u0259sir etm\u0259diyini, eyni zamanda bu g\u00fcn\u00fcn d\u0259 g\u0259l\u0259c\u0259kd\u0259ki hadis\u0259l\u0259r\u0259 t\u0259sir ed\u0259c\u0259yini ifad\u0259 edir. Y\u0259ni, insanlar ke\u00e7mi\u015fd\u0259ki t\u0259cr\u00fcb\u0259l\u0259rd\u0259n d\u0259rs almal\u0131, lakin onlar\u0131 unudaraq indiki zamana fokuslanmal\u0131d\u0131rlar. H\u0259m\u00e7inin, bu atalar &#8230; <a title=\"D\u00fcn\u0259nki Bu G\u00fcn\u0259 Qalmaz, Bu G\u00fcnki Yar\u0131na. (qalmaz: Ox\u015famaz)\" class=\"read-more\" href=\"https:\/\/nedir.az\/atalar-sozleri\/dunenki-bu-gune-qalmaz-bu-gunki-yarina-qalmaz-oxsamaz-atalar-sozunun-menasi-nedir\" aria-label=\"Read more about D\u00fcn\u0259nki Bu G\u00fcn\u0259 Qalmaz, Bu G\u00fcnki Yar\u0131na. (qalmaz: Ox\u015famaz)\">Read more<\/a><\/p>\n","protected":false},"author":2,"featured_media":0,"comment_status":"open","ping_status":"open","sticky":false,"template":"","format":"standard","meta":{"footnotes":""},"categories":[1],"tags":[],"class_list":["post-6131","post","type-post","status-publish","format-standard","hentry","category-atalar-sozleri-atalar-sozu"],"aioseo_notices":[],"_links":{"self":[{"href":"https:\/\/nedir.az\/atalar-sozleri\/wp-json\/wp\/v2\/posts\/6131","targetHints":{"allow":["GET"]}}],"collection":[{"href":"https:\/\/nedir.az\/atalar-sozleri\/wp-json\/wp\/v2\/posts"}],"about":[{"href":"https:\/\/nedir.az\/atalar-sozleri\/wp-json\/wp\/v2\/types\/post"}],"author":[{"embeddable":true,"href":"https:\/\/nedir.az\/atalar-sozleri\/wp-json\/wp\/v2\/users\/2"}],"replies":[{"embeddable":true,"href":"https:\/\/nedir.az\/atalar-sozleri\/wp-json\/wp\/v2\/comments?post=6131"}],"version-history":[{"count":0,"href":"https:\/\/nedir.az\/atalar-sozleri\/wp-json\/wp\/v2\/posts\/6131\/revisions"}],"wp:attachment":[{"href":"https:\/\/nedir.az\/atalar-sozleri\/wp-json\/wp\/v2\/media?parent=6131"}],"wp:term":[{"taxonomy":"category","embeddable":true,"href":"https:\/\/nedir.az\/atalar-sozleri\/wp-json\/wp\/v2\/categories?post=6131"},{"taxonomy":"post_tag","embeddable":true,"href":"https:\/\/nedir.az\/atalar-sozleri\/wp-json\/wp\/v2\/tags?post=6131"}],"curies":[{"name":"wp","href":"https:\/\/api.w.org\/{rel}","templated":true}]}}