{"id":6129,"date":"2024-09-06T21:34:15","date_gmt":"2024-09-06T21:34:15","guid":{"rendered":""},"modified":"-0001-11-30T00:00:00","modified_gmt":"-0001-11-29T21:00:00","slug":"duneni-otur-gunuvu-yaxla-yarini-saxla-yaxlamaq-derek-deger-qedir-qiymet-vermek","status":"publish","type":"post","link":"https:\/\/nedir.az\/atalar-sozleri\/duneni-otur-gunuvu-yaxla-yarini-saxla-yaxlamaq-derek-deger-qedir-qiymet-vermek-atalar-sozunun-menasi-nedir","title":{"rendered":"D\u00fcn\u0259ni \u00d6t\u00fcr, G\u00fcn\u00fcv\u00fc Yaxla, Yar\u0131n\u0131 Saxla. (yaxlamaq: D\u0259r\u0259k D\u0259\u011f\u0259r, Q\u0259dir Qiym\u0259t Verm\u0259k)"},"content":{"rendered":"<p>&#8220;d\u00fcn\u0259ni \u00f6t\u00fcr, g\u00fcn\u00fcv\u00fc yaxla, yar\u0131n\u0131 saxla. (yaxlamaq: d\u0259r\u0259k d\u0259\u011f\u0259r, q\u0259dir qiym\u0259t verm\u0259k)&#8221; atalar s\u00f6z\u00fcn\u00fcn m\u0259nas\u0131, insan\u0131n ke\u00e7mi\u015fd\u0259 ba\u015f ver\u0259n hadis\u0259l\u0259ri unudub, indiki zamana diqq\u0259t yetirm\u0259si v\u0259 g\u0259l\u0259c\u0259k \u00fc\u00e7\u00fcn haz\u0131rl\u0131q g\u00f6rm\u0259si laz\u0131m oldu\u011funu vur\u011fulay\u0131r. Bu atalar s\u00f6z\u00fc, insan\u0131n h\u0259yat\u0131nda \u00f6n\u0259mli olan anlar\u0131 d\u0259y\u0259rl\u0259ndirm\u0259si v\u0259 g\u0259l\u0259c\u0259kd\u0259 ba\u015f ver\u0259 bil\u0259c\u0259k hadis\u0259l\u0259r\u0259 haz\u0131rl\u0131ql\u0131 olmas\u0131 g\u0259r\u0259kdiyini bildirir. H\u0259m\u00e7inin, &#8220;yaxlamaq&#8221; s\u00f6z\u00fc burada d\u0259r\u0259k d\u0259\u011f\u0259r, y\u0259ni bir \u015feyin qiym\u0259tini bilm\u0259k, d\u0259y\u0259rl\u0259ndirm\u0259k anlam\u0131nda istifad\u0259 olunur. Bu, insan\u0131n \u00f6z h\u0259yat\u0131n\u0131, zaman\u0131n\u0131 v\u0259 imkanlar\u0131n\u0131 d\u00fczg\u00fcn qiym\u0259tl\u0259ndirm\u0259sinin vacibliyini g\u00f6st\u0259rir.<\/p>\n<p><b>Q\u0131sa M\u0259nas\u0131<\/b><br \/>\u0130nsan\u0131n ke\u00e7mi\u015fi unudub, indiki zamana diqq\u0259t yetirm\u0259si v\u0259 g\u0259l\u0259c\u0259k \u00fc\u00e7\u00fcn haz\u0131rl\u0131q g\u00f6rm\u0259si g\u0259r\u0259kdiyini bildirir.<\/p>\n","protected":false},"excerpt":{"rendered":"<p>&#8220;d\u00fcn\u0259ni \u00f6t\u00fcr, g\u00fcn\u00fcv\u00fc yaxla, yar\u0131n\u0131 saxla. (yaxlamaq: d\u0259r\u0259k d\u0259\u011f\u0259r, q\u0259dir qiym\u0259t verm\u0259k)&#8221; atalar s\u00f6z\u00fcn\u00fcn m\u0259nas\u0131, insan\u0131n ke\u00e7mi\u015fd\u0259 ba\u015f ver\u0259n hadis\u0259l\u0259ri unudub, indiki zamana diqq\u0259t yetirm\u0259si v\u0259 g\u0259l\u0259c\u0259k \u00fc\u00e7\u00fcn haz\u0131rl\u0131q g\u00f6rm\u0259si laz\u0131m oldu\u011funu vur\u011fulay\u0131r. Bu atalar s\u00f6z\u00fc, insan\u0131n h\u0259yat\u0131nda \u00f6n\u0259mli olan anlar\u0131 d\u0259y\u0259rl\u0259ndirm\u0259si v\u0259 g\u0259l\u0259c\u0259kd\u0259 ba\u015f ver\u0259 bil\u0259c\u0259k hadis\u0259l\u0259r\u0259 haz\u0131rl\u0131ql\u0131 olmas\u0131 g\u0259r\u0259kdiyini bildirir. H\u0259m\u00e7inin, &#8220;yaxlamaq&#8221; s\u00f6z\u00fc &#8230; <a title=\"D\u00fcn\u0259ni \u00d6t\u00fcr, G\u00fcn\u00fcv\u00fc Yaxla, Yar\u0131n\u0131 Saxla. (yaxlamaq: D\u0259r\u0259k D\u0259\u011f\u0259r, Q\u0259dir Qiym\u0259t Verm\u0259k)\" class=\"read-more\" href=\"https:\/\/nedir.az\/atalar-sozleri\/duneni-otur-gunuvu-yaxla-yarini-saxla-yaxlamaq-derek-deger-qedir-qiymet-vermek-atalar-sozunun-menasi-nedir\" aria-label=\"Read more about D\u00fcn\u0259ni \u00d6t\u00fcr, G\u00fcn\u00fcv\u00fc Yaxla, Yar\u0131n\u0131 Saxla. (yaxlamaq: D\u0259r\u0259k D\u0259\u011f\u0259r, Q\u0259dir Qiym\u0259t Verm\u0259k)\">Read more<\/a><\/p>\n","protected":false},"author":2,"featured_media":0,"comment_status":"open","ping_status":"open","sticky":false,"template":"","format":"standard","meta":{"footnotes":""},"categories":[1],"tags":[],"class_list":["post-6129","post","type-post","status-publish","format-standard","hentry","category-atalar-sozleri-atalar-sozu"],"aioseo_notices":[],"_links":{"self":[{"href":"https:\/\/nedir.az\/atalar-sozleri\/wp-json\/wp\/v2\/posts\/6129","targetHints":{"allow":["GET"]}}],"collection":[{"href":"https:\/\/nedir.az\/atalar-sozleri\/wp-json\/wp\/v2\/posts"}],"about":[{"href":"https:\/\/nedir.az\/atalar-sozleri\/wp-json\/wp\/v2\/types\/post"}],"author":[{"embeddable":true,"href":"https:\/\/nedir.az\/atalar-sozleri\/wp-json\/wp\/v2\/users\/2"}],"replies":[{"embeddable":true,"href":"https:\/\/nedir.az\/atalar-sozleri\/wp-json\/wp\/v2\/comments?post=6129"}],"version-history":[{"count":0,"href":"https:\/\/nedir.az\/atalar-sozleri\/wp-json\/wp\/v2\/posts\/6129\/revisions"}],"wp:attachment":[{"href":"https:\/\/nedir.az\/atalar-sozleri\/wp-json\/wp\/v2\/media?parent=6129"}],"wp:term":[{"taxonomy":"category","embeddable":true,"href":"https:\/\/nedir.az\/atalar-sozleri\/wp-json\/wp\/v2\/categories?post=6129"},{"taxonomy":"post_tag","embeddable":true,"href":"https:\/\/nedir.az\/atalar-sozleri\/wp-json\/wp\/v2\/tags?post=6129"}],"curies":[{"name":"wp","href":"https:\/\/api.w.org\/{rel}","templated":true}]}}