{"id":6128,"date":"2024-09-06T21:34:15","date_gmt":"2024-09-06T21:34:15","guid":{"rendered":""},"modified":"-0001-11-30T00:00:00","modified_gmt":"-0001-11-29T21:00:00","slug":"duneni-otur-gununle-otun-yarina-kocun","status":"publish","type":"post","link":"https:\/\/nedir.az\/atalar-sozleri\/duneni-otur-gununle-otun-yarina-kocun-atalar-sozunun-menasi-nedir","title":{"rendered":"D\u00fcn\u0259ni \u00d6t\u00fcr, G\u00fcn\u00fcnl\u0259 \u00d6t\u00fcn, Yar\u0131na K\u00f6\u00e7\u00fcn"},"content":{"rendered":"<p>&#8220;d\u00fcn\u0259ni \u00f6t\u00fcr, g\u00fcn\u00fcnl\u0259 \u00f6t\u00fcn, yar\u0131na k\u00f6\u00e7\u00fcn&#8221; atalar s\u00f6z\u00fc, insanlara ke\u00e7mi\u015fd\u0259ki u\u011fursuzluqlar\u0131, s\u0259hvl\u0259ri v\u0259 ya itkil\u0259ri unudaraq, indiki zamana fokuslanma\u011f\u0131 v\u0259 g\u0259l\u0259c\u0259y\u0259 y\u00f6n\u0259lm\u0259yi t\u00f6vsiy\u0259 edir. Bu s\u00f6z, insan\u0131n h\u0259yat\u0131nda ba\u015f ver\u0259n \u00e7\u0259tinlikl\u0259rin arxada qalmas\u0131 v\u0259 yeni imkanlara a\u00e7\u0131q olmas\u0131 g\u0259r\u0259kdiyini vur\u011fulay\u0131r. H\u0259r g\u00fcn yeni bir ba\u015flan\u011f\u0131c olaraq q\u0259bul edilm\u0259li, ke\u00e7mi\u015fin y\u00fck\u00fc il\u0259 yola davam edilm\u0259m\u0259lidir. Bu atalar s\u00f6z\u00fc, insanlara m\u00fcsb\u0259t d\u00fc\u015f\u00fcnc\u0259 t\u0259rzini v\u0259 ir\u0259lil\u0259m\u0259yi t\u0259\u015fviq edir.<\/p>\n<p><b>Q\u0131sa M\u0259nas\u0131<\/b><br \/>Ke\u00e7mi\u015fi unudub, indiki zamana v\u0259 g\u0259l\u0259c\u0259y\u0259 y\u00f6n\u0259lm\u0259yi t\u00f6vsiy\u0259 edir.<\/p>\n","protected":false},"excerpt":{"rendered":"<p>&#8220;d\u00fcn\u0259ni \u00f6t\u00fcr, g\u00fcn\u00fcnl\u0259 \u00f6t\u00fcn, yar\u0131na k\u00f6\u00e7\u00fcn&#8221; atalar s\u00f6z\u00fc, insanlara ke\u00e7mi\u015fd\u0259ki u\u011fursuzluqlar\u0131, s\u0259hvl\u0259ri v\u0259 ya itkil\u0259ri unudaraq, indiki zamana fokuslanma\u011f\u0131 v\u0259 g\u0259l\u0259c\u0259y\u0259 y\u00f6n\u0259lm\u0259yi t\u00f6vsiy\u0259 edir. Bu s\u00f6z, insan\u0131n h\u0259yat\u0131nda ba\u015f ver\u0259n \u00e7\u0259tinlikl\u0259rin arxada qalmas\u0131 v\u0259 yeni imkanlara a\u00e7\u0131q olmas\u0131 g\u0259r\u0259kdiyini vur\u011fulay\u0131r. H\u0259r g\u00fcn yeni bir ba\u015flan\u011f\u0131c olaraq q\u0259bul edilm\u0259li, ke\u00e7mi\u015fin y\u00fck\u00fc il\u0259 yola davam edilm\u0259m\u0259lidir. Bu &#8230; <a title=\"D\u00fcn\u0259ni \u00d6t\u00fcr, G\u00fcn\u00fcnl\u0259 \u00d6t\u00fcn, Yar\u0131na K\u00f6\u00e7\u00fcn\" class=\"read-more\" href=\"https:\/\/nedir.az\/atalar-sozleri\/duneni-otur-gununle-otun-yarina-kocun-atalar-sozunun-menasi-nedir\" aria-label=\"Read more about D\u00fcn\u0259ni \u00d6t\u00fcr, G\u00fcn\u00fcnl\u0259 \u00d6t\u00fcn, Yar\u0131na K\u00f6\u00e7\u00fcn\">Read more<\/a><\/p>\n","protected":false},"author":2,"featured_media":0,"comment_status":"open","ping_status":"open","sticky":false,"template":"","format":"standard","meta":{"footnotes":""},"categories":[1],"tags":[],"class_list":["post-6128","post","type-post","status-publish","format-standard","hentry","category-atalar-sozleri-atalar-sozu"],"aioseo_notices":[],"_links":{"self":[{"href":"https:\/\/nedir.az\/atalar-sozleri\/wp-json\/wp\/v2\/posts\/6128","targetHints":{"allow":["GET"]}}],"collection":[{"href":"https:\/\/nedir.az\/atalar-sozleri\/wp-json\/wp\/v2\/posts"}],"about":[{"href":"https:\/\/nedir.az\/atalar-sozleri\/wp-json\/wp\/v2\/types\/post"}],"author":[{"embeddable":true,"href":"https:\/\/nedir.az\/atalar-sozleri\/wp-json\/wp\/v2\/users\/2"}],"replies":[{"embeddable":true,"href":"https:\/\/nedir.az\/atalar-sozleri\/wp-json\/wp\/v2\/comments?post=6128"}],"version-history":[{"count":0,"href":"https:\/\/nedir.az\/atalar-sozleri\/wp-json\/wp\/v2\/posts\/6128\/revisions"}],"wp:attachment":[{"href":"https:\/\/nedir.az\/atalar-sozleri\/wp-json\/wp\/v2\/media?parent=6128"}],"wp:term":[{"taxonomy":"category","embeddable":true,"href":"https:\/\/nedir.az\/atalar-sozleri\/wp-json\/wp\/v2\/categories?post=6128"},{"taxonomy":"post_tag","embeddable":true,"href":"https:\/\/nedir.az\/atalar-sozleri\/wp-json\/wp\/v2\/tags?post=6128"}],"curies":[{"name":"wp","href":"https:\/\/api.w.org\/{rel}","templated":true}]}}