{"id":6126,"date":"2024-09-06T21:34:15","date_gmt":"2024-09-06T21:34:15","guid":{"rendered":""},"modified":"-0001-11-30T00:00:00","modified_gmt":"-0001-11-29T21:00:00","slug":"duneni-dunde-biraq-gunuvu-gor-yarina-bax","status":"publish","type":"post","link":"https:\/\/nedir.az\/atalar-sozleri\/duneni-dunde-biraq-gunuvu-gor-yarina-bax-atalar-sozunun-menasi-nedir","title":{"rendered":"D\u00fcn\u0259ni D\u00fcnd\u0259 B\u0131raq, G\u00fcn\u00fcv\u00fc G\u00f6r, Yar\u0131na Bax"},"content":{"rendered":"<p>\u201cd\u00fcn\u0259ni d\u00fcnd\u0259 b\u0131raq, g\u00fcn\u00fcv\u00fc g\u00f6r, yar\u0131na bax\u201d atalar s\u00f6z\u00fc, insanlara ke\u00e7mi\u015fd\u0259 ba\u015f vermi\u015f hadis\u0259l\u0259r\u0259 \u00e7ox ba\u011fl\u0131 qalmama\u011f\u0131, indiki zamana diqq\u0259t yetirm\u0259yi v\u0259 g\u0259l\u0259c\u0259y\u0259 y\u00f6n\u0259lm\u0259yi t\u00f6vsiy\u0259 edir. Bu s\u00f6z, insan\u0131n h\u0259yat\u0131nda ir\u0259lil\u0259m\u0259si, yeni imkanlar\u0131 d\u0259y\u0259rl\u0259ndirm\u0259si v\u0259 g\u0259l\u0259c\u0259k planlar\u0131n\u0131 qurmas\u0131 \u00fc\u00e7\u00fcn ke\u00e7mi\u015fin a\u011f\u0131rl\u0131\u011f\u0131n\u0131 atmas\u0131 laz\u0131m oldu\u011funu vur\u011fulay\u0131r. H\u0259yat\u0131n dinamik oldu\u011funu, h\u0259r zaman yeni imkanlar\u0131n v\u0259 \u00e7a\u011f\u0131r\u0131\u015flar\u0131n oldu\u011funu xat\u0131rlad\u0131r.<\/p>\n<p><b>Q\u0131sa M\u0259nas\u0131<\/b><br \/>Ke\u00e7mi\u015f\u0259 ba\u011fl\u0131 qalmadan, indiki zamana v\u0259 g\u0259l\u0259c\u0259y\u0259 y\u00f6n\u0259lm\u0259k.<\/p>\n","protected":false},"excerpt":{"rendered":"<p>\u201cd\u00fcn\u0259ni d\u00fcnd\u0259 b\u0131raq, g\u00fcn\u00fcv\u00fc g\u00f6r, yar\u0131na bax\u201d atalar s\u00f6z\u00fc, insanlara ke\u00e7mi\u015fd\u0259 ba\u015f vermi\u015f hadis\u0259l\u0259r\u0259 \u00e7ox ba\u011fl\u0131 qalmama\u011f\u0131, indiki zamana diqq\u0259t yetirm\u0259yi v\u0259 g\u0259l\u0259c\u0259y\u0259 y\u00f6n\u0259lm\u0259yi t\u00f6vsiy\u0259 edir. Bu s\u00f6z, insan\u0131n h\u0259yat\u0131nda ir\u0259lil\u0259m\u0259si, yeni imkanlar\u0131 d\u0259y\u0259rl\u0259ndirm\u0259si v\u0259 g\u0259l\u0259c\u0259k planlar\u0131n\u0131 qurmas\u0131 \u00fc\u00e7\u00fcn ke\u00e7mi\u015fin a\u011f\u0131rl\u0131\u011f\u0131n\u0131 atmas\u0131 laz\u0131m oldu\u011funu vur\u011fulay\u0131r. H\u0259yat\u0131n dinamik oldu\u011funu, h\u0259r zaman yeni imkanlar\u0131n v\u0259 \u00e7a\u011f\u0131r\u0131\u015flar\u0131n oldu\u011funu &#8230; <a title=\"D\u00fcn\u0259ni D\u00fcnd\u0259 B\u0131raq, G\u00fcn\u00fcv\u00fc G\u00f6r, Yar\u0131na Bax\" class=\"read-more\" href=\"https:\/\/nedir.az\/atalar-sozleri\/duneni-dunde-biraq-gunuvu-gor-yarina-bax-atalar-sozunun-menasi-nedir\" aria-label=\"Read more about D\u00fcn\u0259ni D\u00fcnd\u0259 B\u0131raq, G\u00fcn\u00fcv\u00fc G\u00f6r, Yar\u0131na Bax\">Read more<\/a><\/p>\n","protected":false},"author":2,"featured_media":0,"comment_status":"open","ping_status":"open","sticky":false,"template":"","format":"standard","meta":{"footnotes":""},"categories":[1],"tags":[],"class_list":["post-6126","post","type-post","status-publish","format-standard","hentry","category-atalar-sozleri-atalar-sozu"],"aioseo_notices":[],"_links":{"self":[{"href":"https:\/\/nedir.az\/atalar-sozleri\/wp-json\/wp\/v2\/posts\/6126","targetHints":{"allow":["GET"]}}],"collection":[{"href":"https:\/\/nedir.az\/atalar-sozleri\/wp-json\/wp\/v2\/posts"}],"about":[{"href":"https:\/\/nedir.az\/atalar-sozleri\/wp-json\/wp\/v2\/types\/post"}],"author":[{"embeddable":true,"href":"https:\/\/nedir.az\/atalar-sozleri\/wp-json\/wp\/v2\/users\/2"}],"replies":[{"embeddable":true,"href":"https:\/\/nedir.az\/atalar-sozleri\/wp-json\/wp\/v2\/comments?post=6126"}],"version-history":[{"count":0,"href":"https:\/\/nedir.az\/atalar-sozleri\/wp-json\/wp\/v2\/posts\/6126\/revisions"}],"wp:attachment":[{"href":"https:\/\/nedir.az\/atalar-sozleri\/wp-json\/wp\/v2\/media?parent=6126"}],"wp:term":[{"taxonomy":"category","embeddable":true,"href":"https:\/\/nedir.az\/atalar-sozleri\/wp-json\/wp\/v2\/categories?post=6126"},{"taxonomy":"post_tag","embeddable":true,"href":"https:\/\/nedir.az\/atalar-sozleri\/wp-json\/wp\/v2\/tags?post=6126"}],"curies":[{"name":"wp","href":"https:\/\/api.w.org\/{rel}","templated":true}]}}