{"id":6122,"date":"2024-09-06T21:34:15","date_gmt":"2024-09-06T21:34:15","guid":{"rendered":""},"modified":"-0001-11-30T00:00:00","modified_gmt":"-0001-11-29T21:00:00","slug":"dunen-ekdin-bu-gun-der-bu-gun-ekdin-yarin-der","status":"publish","type":"post","link":"https:\/\/nedir.az\/atalar-sozleri\/dunen-ekdin-bu-gun-der-bu-gun-ekdin-yarin-der-atalar-sozunun-menasi-nedir","title":{"rendered":"D\u00fcn\u0259n \u018fkdin, Bu G\u00fcn D\u0259r, Bu G\u00fcn \u018fkdin Yar\u0131n D\u0259r"},"content":{"rendered":"<p>&#8220;d\u00fcn\u0259n \u0259kdin, bu g\u00fcn d\u0259r, bu g\u00fcn \u0259kdin yar\u0131n d\u0259r&#8221; atalar s\u00f6z\u00fc, insan\u0131n etdiyi i\u015fl\u0259rin n\u0259tic\u0259l\u0259rinin zamanla ortaya \u00e7\u0131xaca\u011f\u0131n\u0131 vur\u011fulay\u0131r. Bu s\u00f6z, bir i\u015fin n\u0259tic\u0259sini g\u00f6rm\u0259k \u00fc\u00e7\u00fcn onun \u0259vv\u0259lind\u0259 m\u00fc\u0259yy\u0259n bir zaman ke\u00e7m\u0259sinin laz\u0131m oldu\u011funu ifad\u0259 edir. Y\u0259ni, \u0259g\u0259r insan bir \u015fey edirs\u0259, onun n\u0259tic\u0259sini g\u00f6rm\u0259k \u00fc\u00e7\u00fcn zaman verm\u0259lidir. Bu atalar s\u00f6z\u00fc, h\u0259m\u00e7inin \u00e7al\u0131\u015fqanl\u0131\u011f\u0131n v\u0259 s\u0259brin \u0259h\u0259miyy\u0259tini d\u0259 qeyd edir. \u0130nsanlar, \u0259g\u0259r \u00e7al\u0131\u015fsalar v\u0259 \u0259ll\u0259rind\u0259n g\u0259l\u0259ni ets\u0259l\u0259r, m\u00fctl\u0259q bir g\u00fcn m\u00fckafat\u0131n\u0131 alacaqlar.<\/p>\n<p><b>Q\u0131sa M\u0259nas\u0131<\/b><br \/>\u0130\u015fl\u0259rin n\u0259tic\u0259si \u00fc\u00e7\u00fcn zaman laz\u0131md\u0131r; \u00e7al\u0131\u015fqanl\u0131q v\u0259 s\u0259br m\u00fckafatland\u0131r\u0131l\u0131r.<\/p>\n","protected":false},"excerpt":{"rendered":"<p>&#8220;d\u00fcn\u0259n \u0259kdin, bu g\u00fcn d\u0259r, bu g\u00fcn \u0259kdin yar\u0131n d\u0259r&#8221; atalar s\u00f6z\u00fc, insan\u0131n etdiyi i\u015fl\u0259rin n\u0259tic\u0259l\u0259rinin zamanla ortaya \u00e7\u0131xaca\u011f\u0131n\u0131 vur\u011fulay\u0131r. Bu s\u00f6z, bir i\u015fin n\u0259tic\u0259sini g\u00f6rm\u0259k \u00fc\u00e7\u00fcn onun \u0259vv\u0259lind\u0259 m\u00fc\u0259yy\u0259n bir zaman ke\u00e7m\u0259sinin laz\u0131m oldu\u011funu ifad\u0259 edir. Y\u0259ni, \u0259g\u0259r insan bir \u015fey edirs\u0259, onun n\u0259tic\u0259sini g\u00f6rm\u0259k \u00fc\u00e7\u00fcn zaman verm\u0259lidir. Bu atalar s\u00f6z\u00fc, h\u0259m\u00e7inin \u00e7al\u0131\u015fqanl\u0131\u011f\u0131n v\u0259 &#8230; <a title=\"D\u00fcn\u0259n \u018fkdin, Bu G\u00fcn D\u0259r, Bu G\u00fcn \u018fkdin Yar\u0131n D\u0259r\" class=\"read-more\" href=\"https:\/\/nedir.az\/atalar-sozleri\/dunen-ekdin-bu-gun-der-bu-gun-ekdin-yarin-der-atalar-sozunun-menasi-nedir\" aria-label=\"Read more about D\u00fcn\u0259n \u018fkdin, Bu G\u00fcn D\u0259r, Bu G\u00fcn \u018fkdin Yar\u0131n D\u0259r\">Read more<\/a><\/p>\n","protected":false},"author":2,"featured_media":0,"comment_status":"open","ping_status":"open","sticky":false,"template":"","format":"standard","meta":{"footnotes":""},"categories":[1],"tags":[],"class_list":["post-6122","post","type-post","status-publish","format-standard","hentry","category-atalar-sozleri-atalar-sozu"],"aioseo_notices":[],"_links":{"self":[{"href":"https:\/\/nedir.az\/atalar-sozleri\/wp-json\/wp\/v2\/posts\/6122","targetHints":{"allow":["GET"]}}],"collection":[{"href":"https:\/\/nedir.az\/atalar-sozleri\/wp-json\/wp\/v2\/posts"}],"about":[{"href":"https:\/\/nedir.az\/atalar-sozleri\/wp-json\/wp\/v2\/types\/post"}],"author":[{"embeddable":true,"href":"https:\/\/nedir.az\/atalar-sozleri\/wp-json\/wp\/v2\/users\/2"}],"replies":[{"embeddable":true,"href":"https:\/\/nedir.az\/atalar-sozleri\/wp-json\/wp\/v2\/comments?post=6122"}],"version-history":[{"count":0,"href":"https:\/\/nedir.az\/atalar-sozleri\/wp-json\/wp\/v2\/posts\/6122\/revisions"}],"wp:attachment":[{"href":"https:\/\/nedir.az\/atalar-sozleri\/wp-json\/wp\/v2\/media?parent=6122"}],"wp:term":[{"taxonomy":"category","embeddable":true,"href":"https:\/\/nedir.az\/atalar-sozleri\/wp-json\/wp\/v2\/categories?post=6122"},{"taxonomy":"post_tag","embeddable":true,"href":"https:\/\/nedir.az\/atalar-sozleri\/wp-json\/wp\/v2\/tags?post=6122"}],"curies":[{"name":"wp","href":"https:\/\/api.w.org\/{rel}","templated":true}]}}