{"id":6121,"date":"2024-09-06T21:34:15","date_gmt":"2024-09-06T21:34:15","guid":{"rendered":""},"modified":"-0001-11-30T00:00:00","modified_gmt":"-0001-11-29T21:00:00","slug":"dunen-bitdi-yarin-bu-gun-baslar","status":"publish","type":"post","link":"https:\/\/nedir.az\/atalar-sozleri\/dunen-bitdi-yarin-bu-gun-baslar-atalar-sozunun-menasi-nedir","title":{"rendered":"D\u00fcn\u0259n Bitdi, Yar\u0131n Bu G\u00fcn Ba\u015flar"},"content":{"rendered":"<p>\u201cd\u00fcn\u0259n bitdi, yar\u0131n bu g\u00fcn ba\u015flar\u201d atalar s\u00f6z\u00fc, ke\u00e7mi\u015fd\u0259 ba\u015f vermi\u015f hadis\u0259l\u0259rin art\u0131q sona \u00e7atd\u0131\u011f\u0131n\u0131 v\u0259 g\u0259l\u0259c\u0259kd\u0259 yeni imkanlar\u0131n, ba\u015flan\u011f\u0131clar\u0131n oldu\u011funu ifad\u0259 edir. Bu s\u00f6z, insanlara h\u0259r zaman yeni bir g\u00fcn\u00fcn, yeni bir ba\u015flan\u011f\u0131c\u0131n oldu\u011funu xat\u0131rlad\u0131r. H\u0259yatda ba\u015f ver\u0259n \u00e7\u0259tinlikl\u0259r v\u0259 probleml\u0259r ke\u00e7ici oldu\u011funa g\u00f6r\u0259, insanlar\u0131 \u00fcmidli olma\u011fa v\u0259 ir\u0259lil\u0259m\u0259y\u0259 t\u0259\u015fviq edir. H\u0259m\u00e7inin, bu atalar s\u00f6z\u00fc, zaman\u0131n d\u0259y\u0259rini vur\u011fulay\u0131r v\u0259 insanlar\u0131 an\u0131 ya\u015fama\u011fa, g\u0259l\u0259c\u0259y\u0259 fokuslanma\u011fa d\u0259v\u0259t edir.<\/p>\n<p><b>Q\u0131sa M\u0259nas\u0131<\/b><br \/> Ke\u00e7mi\u015fd\u0259ki \u00e7\u0259tinlikl\u0259rin sona \u00e7atd\u0131\u011f\u0131n\u0131, yeni imkanlar\u0131n ba\u015flad\u0131\u011f\u0131n\u0131 bildirir.<\/p>\n","protected":false},"excerpt":{"rendered":"<p>\u201cd\u00fcn\u0259n bitdi, yar\u0131n bu g\u00fcn ba\u015flar\u201d atalar s\u00f6z\u00fc, ke\u00e7mi\u015fd\u0259 ba\u015f vermi\u015f hadis\u0259l\u0259rin art\u0131q sona \u00e7atd\u0131\u011f\u0131n\u0131 v\u0259 g\u0259l\u0259c\u0259kd\u0259 yeni imkanlar\u0131n, ba\u015flan\u011f\u0131clar\u0131n oldu\u011funu ifad\u0259 edir. Bu s\u00f6z, insanlara h\u0259r zaman yeni bir g\u00fcn\u00fcn, yeni bir ba\u015flan\u011f\u0131c\u0131n oldu\u011funu xat\u0131rlad\u0131r. H\u0259yatda ba\u015f ver\u0259n \u00e7\u0259tinlikl\u0259r v\u0259 probleml\u0259r ke\u00e7ici oldu\u011funa g\u00f6r\u0259, insanlar\u0131 \u00fcmidli olma\u011fa v\u0259 ir\u0259lil\u0259m\u0259y\u0259 t\u0259\u015fviq edir. H\u0259m\u00e7inin, bu atalar &#8230; <a title=\"D\u00fcn\u0259n Bitdi, Yar\u0131n Bu G\u00fcn Ba\u015flar\" class=\"read-more\" href=\"https:\/\/nedir.az\/atalar-sozleri\/dunen-bitdi-yarin-bu-gun-baslar-atalar-sozunun-menasi-nedir\" aria-label=\"Read more about D\u00fcn\u0259n Bitdi, Yar\u0131n Bu G\u00fcn Ba\u015flar\">Read more<\/a><\/p>\n","protected":false},"author":2,"featured_media":0,"comment_status":"open","ping_status":"open","sticky":false,"template":"","format":"standard","meta":{"footnotes":""},"categories":[1],"tags":[],"class_list":["post-6121","post","type-post","status-publish","format-standard","hentry","category-atalar-sozleri-atalar-sozu"],"aioseo_notices":[],"_links":{"self":[{"href":"https:\/\/nedir.az\/atalar-sozleri\/wp-json\/wp\/v2\/posts\/6121","targetHints":{"allow":["GET"]}}],"collection":[{"href":"https:\/\/nedir.az\/atalar-sozleri\/wp-json\/wp\/v2\/posts"}],"about":[{"href":"https:\/\/nedir.az\/atalar-sozleri\/wp-json\/wp\/v2\/types\/post"}],"author":[{"embeddable":true,"href":"https:\/\/nedir.az\/atalar-sozleri\/wp-json\/wp\/v2\/users\/2"}],"replies":[{"embeddable":true,"href":"https:\/\/nedir.az\/atalar-sozleri\/wp-json\/wp\/v2\/comments?post=6121"}],"version-history":[{"count":0,"href":"https:\/\/nedir.az\/atalar-sozleri\/wp-json\/wp\/v2\/posts\/6121\/revisions"}],"wp:attachment":[{"href":"https:\/\/nedir.az\/atalar-sozleri\/wp-json\/wp\/v2\/media?parent=6121"}],"wp:term":[{"taxonomy":"category","embeddable":true,"href":"https:\/\/nedir.az\/atalar-sozleri\/wp-json\/wp\/v2\/categories?post=6121"},{"taxonomy":"post_tag","embeddable":true,"href":"https:\/\/nedir.az\/atalar-sozleri\/wp-json\/wp\/v2\/tags?post=6121"}],"curies":[{"name":"wp","href":"https:\/\/api.w.org\/{rel}","templated":true}]}}