{"id":6117,"date":"2024-09-06T21:34:15","date_gmt":"2024-09-06T21:34:15","guid":{"rendered":""},"modified":"-0001-11-30T00:00:00","modified_gmt":"-0001-11-29T21:00:00","slug":"dunya-kasiba-zindandir-varliya-meydan","status":"publish","type":"post","link":"https:\/\/nedir.az\/atalar-sozleri\/dunya-kasiba-zindandir-varliya-meydan-atalar-sozunun-menasi-nedir","title":{"rendered":"D\u00fcnya Kas\u0131ba Zindand\u0131r, Varl\u0131ya Meydan"},"content":{"rendered":"<p>&#8220;d\u00fcnya kas\u0131ba zindand\u0131r, varl\u0131ya meydan&#8221; atalar s\u00f6z\u00fc, kas\u0131b insanlar\u0131n h\u0259yat\u0131n\u0131n \u00e7\u0259tinlikl\u0259rini v\u0259 varl\u0131lar\u0131n daha rahat bir ya\u015fam s\u00fcrm\u0259sini vur\u011fulay\u0131r. Bu s\u00f6z, kas\u0131blar\u0131n ya\u015fad\u0131\u011f\u0131 \u00e7\u0259tinlikl\u0259rin, onlar\u0131n azadl\u0131\u011f\u0131n\u0131 m\u0259hdudla\u015fd\u0131rd\u0131\u011f\u0131n\u0131, eyni zamanda varl\u0131lar\u0131n daha \u00e7ox imkanlara sahib oldu\u011funu ifad\u0259 edir. Kas\u0131b insanlar, maddi \u00e7\u0259tinlikl\u0259r s\u0259b\u0259bind\u0259n b\u0259z\u0259n zindanda oldu\u011fu kimi s\u0131x\u0131nt\u0131l\u0131 bir h\u0259yat s\u00fcr\u00fcrl\u0259r. Varl\u0131 insanlar is\u0259 bu \u00e7\u0259tinlikl\u0259rd\u0259n uzaqd\u0131rlar v\u0259 daha \u00e7ox imkanlara sahib olduqlar\u0131 \u00fc\u00e7\u00fcn daha az probleml\u0259 qar\u015f\u0131la\u015f\u0131rlar. Bu atalar s\u00f6z\u00fc, c\u0259miyy\u0259tin sosial-iqtisadi f\u0259rqlilikl\u0259rini v\u0259 \u0259dal\u0259tsizliyi g\u00f6st\u0259rir.<\/p>\n<p><b>Q\u0131sa M\u0259nas\u0131<\/b><br \/> Kas\u0131b insanlar\u0131n \u00e7\u0259tinlikl\u0259rini, varl\u0131lar\u0131n is\u0259 rahatl\u0131\u011f\u0131n\u0131 vur\u011fulayan bir atalar s\u00f6z\u00fc.<\/p>\n","protected":false},"excerpt":{"rendered":"<p>&#8220;d\u00fcnya kas\u0131ba zindand\u0131r, varl\u0131ya meydan&#8221; atalar s\u00f6z\u00fc, kas\u0131b insanlar\u0131n h\u0259yat\u0131n\u0131n \u00e7\u0259tinlikl\u0259rini v\u0259 varl\u0131lar\u0131n daha rahat bir ya\u015fam s\u00fcrm\u0259sini vur\u011fulay\u0131r. Bu s\u00f6z, kas\u0131blar\u0131n ya\u015fad\u0131\u011f\u0131 \u00e7\u0259tinlikl\u0259rin, onlar\u0131n azadl\u0131\u011f\u0131n\u0131 m\u0259hdudla\u015fd\u0131rd\u0131\u011f\u0131n\u0131, eyni zamanda varl\u0131lar\u0131n daha \u00e7ox imkanlara sahib oldu\u011funu ifad\u0259 edir. Kas\u0131b insanlar, maddi \u00e7\u0259tinlikl\u0259r s\u0259b\u0259bind\u0259n b\u0259z\u0259n zindanda oldu\u011fu kimi s\u0131x\u0131nt\u0131l\u0131 bir h\u0259yat s\u00fcr\u00fcrl\u0259r. Varl\u0131 insanlar is\u0259 bu \u00e7\u0259tinlikl\u0259rd\u0259n &#8230; <a title=\"D\u00fcnya Kas\u0131ba Zindand\u0131r, Varl\u0131ya Meydan\" class=\"read-more\" href=\"https:\/\/nedir.az\/atalar-sozleri\/dunya-kasiba-zindandir-varliya-meydan-atalar-sozunun-menasi-nedir\" aria-label=\"Read more about D\u00fcnya Kas\u0131ba Zindand\u0131r, Varl\u0131ya Meydan\">Read more<\/a><\/p>\n","protected":false},"author":2,"featured_media":0,"comment_status":"open","ping_status":"open","sticky":false,"template":"","format":"standard","meta":{"footnotes":""},"categories":[1],"tags":[],"class_list":["post-6117","post","type-post","status-publish","format-standard","hentry","category-atalar-sozleri-atalar-sozu"],"aioseo_notices":[],"_links":{"self":[{"href":"https:\/\/nedir.az\/atalar-sozleri\/wp-json\/wp\/v2\/posts\/6117","targetHints":{"allow":["GET"]}}],"collection":[{"href":"https:\/\/nedir.az\/atalar-sozleri\/wp-json\/wp\/v2\/posts"}],"about":[{"href":"https:\/\/nedir.az\/atalar-sozleri\/wp-json\/wp\/v2\/types\/post"}],"author":[{"embeddable":true,"href":"https:\/\/nedir.az\/atalar-sozleri\/wp-json\/wp\/v2\/users\/2"}],"replies":[{"embeddable":true,"href":"https:\/\/nedir.az\/atalar-sozleri\/wp-json\/wp\/v2\/comments?post=6117"}],"version-history":[{"count":0,"href":"https:\/\/nedir.az\/atalar-sozleri\/wp-json\/wp\/v2\/posts\/6117\/revisions"}],"wp:attachment":[{"href":"https:\/\/nedir.az\/atalar-sozleri\/wp-json\/wp\/v2\/media?parent=6117"}],"wp:term":[{"taxonomy":"category","embeddable":true,"href":"https:\/\/nedir.az\/atalar-sozleri\/wp-json\/wp\/v2\/categories?post=6117"},{"taxonomy":"post_tag","embeddable":true,"href":"https:\/\/nedir.az\/atalar-sozleri\/wp-json\/wp\/v2\/tags?post=6117"}],"curies":[{"name":"wp","href":"https:\/\/api.w.org\/{rel}","templated":true}]}}