{"id":6115,"date":"2024-09-06T21:34:15","date_gmt":"2024-09-06T21:34:15","guid":{"rendered":""},"modified":"-0001-11-30T00:00:00","modified_gmt":"-0001-11-29T21:00:00","slug":"dune-donme-yarinlara-ireli","status":"publish","type":"post","link":"https:\/\/nedir.az\/atalar-sozleri\/dune-donme-yarinlara-ireli-atalar-sozunun-menasi-nedir","title":{"rendered":"D\u00fcn\u0259 D\u00f6nm\u0259, Yar\u0131nlara Ir\u0259li!"},"content":{"rendered":"<p>\u201cd\u00fcn\u0259 d\u00f6nm\u0259, yar\u0131nlara ir\u0259li!\u201d atalar s\u00f6z\u00fcn\u00fcn m\u0259nas\u0131, ke\u00e7mi\u015fd\u0259 ba\u015f vermi\u015f hadis\u0259l\u0259r\u0259, s\u0259hvl\u0259r\u0259 v\u0259 ya itkil\u0259r\u0259 ba\u011fl\u0131 qalmadan, g\u0259l\u0259c\u0259y\u0259 fokuslanma\u011f\u0131 vur\u011fulay\u0131r. Bu atalar s\u00f6z\u00fc, insanlara h\u0259yat\u0131n ir\u0259lil\u0259m\u0259si, yeni imkanlar axtar\u0131lmas\u0131 v\u0259 m\u00fcsb\u0259t d\u00fc\u015f\u00fcnc\u0259nin \u0259h\u0259miyy\u0259tini xat\u0131rlad\u0131r. Ke\u00e7mi\u015fd\u0259ki u\u011fursuzluqlara tak\u0131lmadan, g\u0259l\u0259c\u0259kd\u0259 daha yax\u015f\u0131 imkanlar yaratmaq \u00fc\u00e7\u00fcn \u00e7al\u0131\u015fmaq laz\u0131m oldu\u011funu bildirir.<\/p>\n<p><b>Q\u0131sa M\u0259nas\u0131<\/b><br \/>G\u0259l\u0259c\u0259y\u0259 y\u00f6n\u0259lm\u0259k, ke\u00e7mi\u015fd\u0259ki s\u0259hvl\u0259ri unudub ir\u0259lil\u0259m\u0259k.<\/p>\n","protected":false},"excerpt":{"rendered":"<p>\u201cd\u00fcn\u0259 d\u00f6nm\u0259, yar\u0131nlara ir\u0259li!\u201d atalar s\u00f6z\u00fcn\u00fcn m\u0259nas\u0131, ke\u00e7mi\u015fd\u0259 ba\u015f vermi\u015f hadis\u0259l\u0259r\u0259, s\u0259hvl\u0259r\u0259 v\u0259 ya itkil\u0259r\u0259 ba\u011fl\u0131 qalmadan, g\u0259l\u0259c\u0259y\u0259 fokuslanma\u011f\u0131 vur\u011fulay\u0131r. Bu atalar s\u00f6z\u00fc, insanlara h\u0259yat\u0131n ir\u0259lil\u0259m\u0259si, yeni imkanlar axtar\u0131lmas\u0131 v\u0259 m\u00fcsb\u0259t d\u00fc\u015f\u00fcnc\u0259nin \u0259h\u0259miyy\u0259tini xat\u0131rlad\u0131r. Ke\u00e7mi\u015fd\u0259ki u\u011fursuzluqlara tak\u0131lmadan, g\u0259l\u0259c\u0259kd\u0259 daha yax\u015f\u0131 imkanlar yaratmaq \u00fc\u00e7\u00fcn \u00e7al\u0131\u015fmaq laz\u0131m oldu\u011funu bildirir. Q\u0131sa M\u0259nas\u0131G\u0259l\u0259c\u0259y\u0259 y\u00f6n\u0259lm\u0259k, ke\u00e7mi\u015fd\u0259ki s\u0259hvl\u0259ri unudub ir\u0259lil\u0259m\u0259k.<\/p>\n","protected":false},"author":2,"featured_media":0,"comment_status":"open","ping_status":"open","sticky":false,"template":"","format":"standard","meta":{"footnotes":""},"categories":[1],"tags":[],"class_list":["post-6115","post","type-post","status-publish","format-standard","hentry","category-atalar-sozleri-atalar-sozu"],"aioseo_notices":[],"_links":{"self":[{"href":"https:\/\/nedir.az\/atalar-sozleri\/wp-json\/wp\/v2\/posts\/6115","targetHints":{"allow":["GET"]}}],"collection":[{"href":"https:\/\/nedir.az\/atalar-sozleri\/wp-json\/wp\/v2\/posts"}],"about":[{"href":"https:\/\/nedir.az\/atalar-sozleri\/wp-json\/wp\/v2\/types\/post"}],"author":[{"embeddable":true,"href":"https:\/\/nedir.az\/atalar-sozleri\/wp-json\/wp\/v2\/users\/2"}],"replies":[{"embeddable":true,"href":"https:\/\/nedir.az\/atalar-sozleri\/wp-json\/wp\/v2\/comments?post=6115"}],"version-history":[{"count":0,"href":"https:\/\/nedir.az\/atalar-sozleri\/wp-json\/wp\/v2\/posts\/6115\/revisions"}],"wp:attachment":[{"href":"https:\/\/nedir.az\/atalar-sozleri\/wp-json\/wp\/v2\/media?parent=6115"}],"wp:term":[{"taxonomy":"category","embeddable":true,"href":"https:\/\/nedir.az\/atalar-sozleri\/wp-json\/wp\/v2\/categories?post=6115"},{"taxonomy":"post_tag","embeddable":true,"href":"https:\/\/nedir.az\/atalar-sozleri\/wp-json\/wp\/v2\/tags?post=6115"}],"curies":[{"name":"wp","href":"https:\/\/api.w.org\/{rel}","templated":true}]}}