{"id":1402,"date":"2024-09-06T03:49:35","date_gmt":"2024-09-06T03:49:35","guid":{"rendered":""},"modified":"-0001-11-30T00:00:00","modified_gmt":"-0001-11-29T21:00:00","slug":"ellere-gulen-canim-indi-olub-el-guluncu","status":"publish","type":"post","link":"https:\/\/nedir.az\/atalar-sozleri\/ellere-gulen-canim-indi-olub-el-guluncu-atalar-sozunun-menasi-nedir","title":{"rendered":"Ell\u0259r\u0259 G\u00fcl\u0259n Can\u0131m, Indi Olub El G\u00fcl\u00fcnc\u00fc"},"content":{"rendered":"<p>&#8220;ell\u0259r\u0259 g\u00fcl\u0259n can\u0131m, indi olub el g\u00fcl\u00fcnc\u00fc&#8221; atalar s\u00f6z\u00fc, bir insan\u0131n ba\u015f\u0131na g\u0259l\u0259n g\u00fcl\u00fcnc v\u0259 ya ac\u0131nacaql\u0131 bir hadis\u0259nin, ba\u015fqalar\u0131 t\u0259r\u0259find\u0259n g\u00fcl\u00fc\u015fl\u0259 qar\u015f\u0131lanmas\u0131n\u0131 ifad\u0259 edir. Bu s\u00f6z, b\u0259z\u0259n insanlar\u0131n \u00f6zl\u0259rinin v\u0259 ya ba\u015fqalar\u0131n\u0131n ba\u015f\u0131na g\u0259l\u0259n komik v\u0259ziyy\u0259tl\u0259rin c\u0259miyy\u0259t t\u0259r\u0259find\u0259n nec\u0259 q\u0259bul edildiyini g\u00f6st\u0259rir. \u0130nsanlar, b\u0259z\u0259n \u00f6z probleml\u0259rini v\u0259 ya \u00e7\u0259tinlikl\u0259rini ba\u015fqalar\u0131na g\u00fcl\u00fc\u015fl\u0259 t\u0259qdim ed\u0259r\u0259k, bu v\u0259ziyy\u0259tin ciddiliyini azaltma\u011fa \u00e7al\u0131\u015f\u0131rlar. Bu atalar s\u00f6z\u00fc, eyni zamanda, insanlar\u0131n bir-birinin g\u00fcl\u00fcnc v\u0259ziyy\u0259tl\u0259rini anlamas\u0131 v\u0259 bu v\u0259ziyy\u0259tl\u0259rd\u0259n g\u00fcl\u0259r\u0259k ke\u00e7m\u0259l\u0259rinin vacibliyini vur\u011fulay\u0131r.<\/p>\n<p><b>Q\u0131sa M\u0259nas\u0131<\/b><br \/>Bu atalar s\u00f6z\u00fc, g\u00fcl\u00fcnc v\u0259ziyy\u0259tl\u0259rin c\u0259miyy\u0259t t\u0259r\u0259find\u0259n g\u00fcl\u00fc\u015fl\u0259 qar\u015f\u0131lanmas\u0131n\u0131 ifad\u0259 edir.<\/p>\n","protected":false},"excerpt":{"rendered":"<p>&#8220;ell\u0259r\u0259 g\u00fcl\u0259n can\u0131m, indi olub el g\u00fcl\u00fcnc\u00fc&#8221; atalar s\u00f6z\u00fc, bir insan\u0131n ba\u015f\u0131na g\u0259l\u0259n g\u00fcl\u00fcnc v\u0259 ya ac\u0131nacaql\u0131 bir hadis\u0259nin, ba\u015fqalar\u0131 t\u0259r\u0259find\u0259n g\u00fcl\u00fc\u015fl\u0259 qar\u015f\u0131lanmas\u0131n\u0131 ifad\u0259 edir. Bu s\u00f6z, b\u0259z\u0259n insanlar\u0131n \u00f6zl\u0259rinin v\u0259 ya ba\u015fqalar\u0131n\u0131n ba\u015f\u0131na g\u0259l\u0259n komik v\u0259ziyy\u0259tl\u0259rin c\u0259miyy\u0259t t\u0259r\u0259find\u0259n nec\u0259 q\u0259bul edildiyini g\u00f6st\u0259rir. \u0130nsanlar, b\u0259z\u0259n \u00f6z probleml\u0259rini v\u0259 ya \u00e7\u0259tinlikl\u0259rini ba\u015fqalar\u0131na g\u00fcl\u00fc\u015fl\u0259 t\u0259qdim ed\u0259r\u0259k, bu &#8230; <a title=\"Ell\u0259r\u0259 G\u00fcl\u0259n Can\u0131m, Indi Olub El G\u00fcl\u00fcnc\u00fc\" class=\"read-more\" href=\"https:\/\/nedir.az\/atalar-sozleri\/ellere-gulen-canim-indi-olub-el-guluncu-atalar-sozunun-menasi-nedir\" aria-label=\"Read more about Ell\u0259r\u0259 G\u00fcl\u0259n Can\u0131m, Indi Olub El G\u00fcl\u00fcnc\u00fc\">Read more<\/a><\/p>\n","protected":false},"author":1,"featured_media":0,"comment_status":"open","ping_status":"open","sticky":false,"template":"","format":"standard","meta":{"footnotes":""},"categories":[1],"tags":[],"class_list":["post-1402","post","type-post","status-publish","format-standard","hentry","category-atalar-sozleri-atalar-sozu"],"aioseo_notices":[],"_links":{"self":[{"href":"https:\/\/nedir.az\/atalar-sozleri\/wp-json\/wp\/v2\/posts\/1402","targetHints":{"allow":["GET"]}}],"collection":[{"href":"https:\/\/nedir.az\/atalar-sozleri\/wp-json\/wp\/v2\/posts"}],"about":[{"href":"https:\/\/nedir.az\/atalar-sozleri\/wp-json\/wp\/v2\/types\/post"}],"author":[{"embeddable":true,"href":"https:\/\/nedir.az\/atalar-sozleri\/wp-json\/wp\/v2\/users\/1"}],"replies":[{"embeddable":true,"href":"https:\/\/nedir.az\/atalar-sozleri\/wp-json\/wp\/v2\/comments?post=1402"}],"version-history":[{"count":0,"href":"https:\/\/nedir.az\/atalar-sozleri\/wp-json\/wp\/v2\/posts\/1402\/revisions"}],"wp:attachment":[{"href":"https:\/\/nedir.az\/atalar-sozleri\/wp-json\/wp\/v2\/media?parent=1402"}],"wp:term":[{"taxonomy":"category","embeddable":true,"href":"https:\/\/nedir.az\/atalar-sozleri\/wp-json\/wp\/v2\/categories?post=1402"},{"taxonomy":"post_tag","embeddable":true,"href":"https:\/\/nedir.az\/atalar-sozleri\/wp-json\/wp\/v2\/tags?post=1402"}],"curies":[{"name":"wp","href":"https:\/\/api.w.org\/{rel}","templated":true}]}}