{"id":8076,"date":"2021-02-21T22:55:47","date_gmt":"2021-02-21T19:55:47","guid":{"rendered":"https:\/\/wikiapp.org\/az\/adlarin-menasi\/gult%c9%99kin-adinin-menasi-nedir"},"modified":"2021-02-21T22:55:47","modified_gmt":"2021-02-21T19:55:47","slug":"gult%c9%99kin","status":"publish","type":"post","link":"https:\/\/nedir.az\/adinin-menasi-nedir\/gult%c9%99kin\/","title":{"rendered":"G\u00dcLT\u018fK\u0130N"},"content":{"rendered":"<\/p>\n<article>\n<h1>\n\t\t\t\t\t\tG\u00dcLT\u018fK\u0130N\t\t\t\t\t\t\t\t\t\t\t<\/h1>\n<div>\n\t\t\t\t\t\tg\u00fcl kimi, g\u00fcl\u0259 b\u0259nz\u0259r (&#8220;Orxon-Yenisey&#8221; abid\u0259l\u0259rind\u0259 &#8220;g\u00f6z\u0259l \u015fahzad\u0259&#8221; m\u0259nas\u0131nda olan bu ad ki\u015fi ad\u0131 funksiyas\u0131 da\u015f\u0131m\u0131\u015fd\u0131r. &#8220;T\u0259kin&#8221; is\u0259  xan o\u011fluna veril\u0259n  titul  olmu\u015fdur.  Bu  addak\u0131  &#8220;t\u0259kin&#8221; is\u0259 qo\u015fmad\u0131r).\t\t\t\t\t<\/div>\n<\/article>\n<p>\u00a0<\/p>\n<p>\u00a0<\/p>\n<p><span style=\"font-size: 10px;color: #ffffff\">G\u00dcLT\u018fK\u0130N ad\u0131n\u0131n m\u0259nas\u0131 &#8211; G\u00dcLT\u018fK\u0130N adinin menasi &#8211; G\u00dcLT\u018fK\u0130N s\u00f6z\u00fcn\u00fcn m\u0259nas\u0131 &#8211; G\u00dcLT\u018fK\u0130N adinin menasi haqqinda m\u0259lumat &#8211; G\u00dcLT\u018fK\u0130N ad\u0131 haqq\u0131nda &#8211; G\u00dcLT\u018fK\u0130N ne demekdir? &#8211; G\u00dcLT\u018fK\u0130N azerbaycanca adlarin menasi &#8211; G\u00dcLT\u018fK\u0130N ad\u0131n\u0131n m\u0259nas\u0131 &#8211; G\u00dcLT\u018fK\u0130N ad\u0131n\u0131n m\u0259n\u015f\u0259yi &#8211; G\u00dcLT\u018fK\u0130N sozunun menasi &#8211; G\u00dcLT\u018fK\u0130N adi hansi dilde? hans\u0131 dild\u0259? <\/span><\/p>\n","protected":false},"excerpt":{"rendered":"<p>G\u00dcLT\u018fK\u0130N g\u00fcl kimi, g\u00fcl\u0259 b\u0259nz\u0259r (&#8220;Orxon-Yenisey&#8221; abid\u0259l\u0259rind\u0259 &#8220;g\u00f6z\u0259l \u015fahzad\u0259&#8221; m\u0259nas\u0131nda olan bu ad ki\u015fi ad\u0131 funksiyas\u0131 da\u015f\u0131m\u0131\u015fd\u0131r. &#8220;T\u0259kin&#8221; is\u0259 xan o\u011fluna veril\u0259n titul olmu\u015fdur. Bu addak\u0131 &#8220;t\u0259kin&#8221; is\u0259 qo\u015fmad\u0131r). \u00a0 \u00a0 G\u00dcLT\u018fK\u0130N ad\u0131n\u0131n m\u0259nas\u0131 &#8211; G\u00dcLT\u018fK\u0130N adinin menasi &#8211; G\u00dcLT\u018fK\u0130N s\u00f6z\u00fcn\u00fcn m\u0259nas\u0131 &#8211; G\u00dcLT\u018fK\u0130N adinin menasi haqqinda m\u0259lumat &#8211; G\u00dcLT\u018fK\u0130N ad\u0131 haqq\u0131nda &#8211; G\u00dcLT\u018fK\u0130N ne &#8230; <a title=\"G\u00dcLT\u018fK\u0130N\" class=\"read-more\" href=\"https:\/\/nedir.az\/adinin-menasi-nedir\/gult%c9%99kin\/\" aria-label=\"Read more about G\u00dcLT\u018fK\u0130N\">Read more<\/a><\/p>\n","protected":false},"author":1,"featured_media":0,"comment_status":"open","ping_status":"open","sticky":false,"template":"","format":"standard","meta":{"footnotes":""},"categories":[3],"tags":[],"class_list":["post-8076","post","type-post","status-publish","format-standard","hentry","category-azrbaycan-qadin-adlarinin-izahli-lugti"],"aioseo_notices":[],"_links":{"self":[{"href":"https:\/\/nedir.az\/adinin-menasi-nedir\/wp-json\/wp\/v2\/posts\/8076","targetHints":{"allow":["GET"]}}],"collection":[{"href":"https:\/\/nedir.az\/adinin-menasi-nedir\/wp-json\/wp\/v2\/posts"}],"about":[{"href":"https:\/\/nedir.az\/adinin-menasi-nedir\/wp-json\/wp\/v2\/types\/post"}],"author":[{"embeddable":true,"href":"https:\/\/nedir.az\/adinin-menasi-nedir\/wp-json\/wp\/v2\/users\/1"}],"replies":[{"embeddable":true,"href":"https:\/\/nedir.az\/adinin-menasi-nedir\/wp-json\/wp\/v2\/comments?post=8076"}],"version-history":[{"count":0,"href":"https:\/\/nedir.az\/adinin-menasi-nedir\/wp-json\/wp\/v2\/posts\/8076\/revisions"}],"wp:attachment":[{"href":"https:\/\/nedir.az\/adinin-menasi-nedir\/wp-json\/wp\/v2\/media?parent=8076"}],"wp:term":[{"taxonomy":"category","embeddable":true,"href":"https:\/\/nedir.az\/adinin-menasi-nedir\/wp-json\/wp\/v2\/categories?post=8076"},{"taxonomy":"post_tag","embeddable":true,"href":"https:\/\/nedir.az\/adinin-menasi-nedir\/wp-json\/wp\/v2\/tags?post=8076"}],"curies":[{"name":"wp","href":"https:\/\/api.w.org\/{rel}","templated":true}]}}