{"id":4929,"date":"2021-02-21T21:54:36","date_gmt":"2021-02-21T18:54:36","guid":{"rendered":"https:\/\/wikiapp.org\/az\/adlarin-menasi\/rufan-adinin-menasi-nedir"},"modified":"2021-02-21T21:54:36","modified_gmt":"2021-02-21T18:54:36","slug":"rufan","status":"publish","type":"post","link":"https:\/\/nedir.az\/adinin-menasi-nedir\/rufan\/","title":{"rendered":"RUFAN"},"content":{"rendered":"<\/p>\n<article>\n<h1>\n\t\t\t\t\t\tRUFAN\t\t\t\t\t\t\t\t\t\t\t<\/h1>\n<div>\n\t\t\t\t\t\truh\u0259n, ruhca; m\u0259n\u0259vi c\u0259h\u0259td\u0259n.\t\t\t\t\t<\/div>\n<\/article>\n<p>\u00a0<\/p>\n<p>\u00a0<\/p>\n<p><span style=\"font-size: 10px;color: #ffffff\">RUFAN ad\u0131n\u0131n m\u0259nas\u0131 &#8211; RUFAN adinin menasi &#8211; RUFAN s\u00f6z\u00fcn\u00fcn m\u0259nas\u0131 &#8211; RUFAN adinin menasi haqqinda m\u0259lumat &#8211; RUFAN ad\u0131 haqq\u0131nda &#8211; RUFAN ne demekdir? &#8211; RUFAN azerbaycanca adlarin menasi &#8211; RUFAN ad\u0131n\u0131n m\u0259nas\u0131 &#8211; RUFAN ad\u0131n\u0131n m\u0259n\u015f\u0259yi &#8211; RUFAN sozunun menasi &#8211; RUFAN adi hansi dilde? hans\u0131 dild\u0259? <\/span><\/p>\n","protected":false},"excerpt":{"rendered":"<p>RUFAN ruh\u0259n, ruhca; m\u0259n\u0259vi c\u0259h\u0259td\u0259n. \u00a0 \u00a0 RUFAN ad\u0131n\u0131n m\u0259nas\u0131 &#8211; RUFAN adinin menasi &#8211; RUFAN s\u00f6z\u00fcn\u00fcn m\u0259nas\u0131 &#8211; RUFAN adinin menasi haqqinda m\u0259lumat &#8211; RUFAN ad\u0131 haqq\u0131nda &#8211; RUFAN ne demekdir? &#8211; RUFAN azerbaycanca adlarin menasi &#8211; RUFAN ad\u0131n\u0131n m\u0259nas\u0131 &#8211; RUFAN ad\u0131n\u0131n m\u0259n\u015f\u0259yi &#8211; RUFAN sozunun menasi &#8211; RUFAN adi hansi dilde? hans\u0131 &#8230; <a title=\"RUFAN\" class=\"read-more\" href=\"https:\/\/nedir.az\/adinin-menasi-nedir\/rufan\/\" aria-label=\"Read more about RUFAN\">Read more<\/a><\/p>\n","protected":false},"author":1,"featured_media":0,"comment_status":"open","ping_status":"open","sticky":false,"template":"","format":"standard","meta":{"footnotes":""},"categories":[2],"tags":[],"class_list":["post-4929","post","type-post","status-publish","format-standard","hentry","category-azrbaycan-kisi-adlarinin-izahli-lugti"],"aioseo_notices":[],"_links":{"self":[{"href":"https:\/\/nedir.az\/adinin-menasi-nedir\/wp-json\/wp\/v2\/posts\/4929","targetHints":{"allow":["GET"]}}],"collection":[{"href":"https:\/\/nedir.az\/adinin-menasi-nedir\/wp-json\/wp\/v2\/posts"}],"about":[{"href":"https:\/\/nedir.az\/adinin-menasi-nedir\/wp-json\/wp\/v2\/types\/post"}],"author":[{"embeddable":true,"href":"https:\/\/nedir.az\/adinin-menasi-nedir\/wp-json\/wp\/v2\/users\/1"}],"replies":[{"embeddable":true,"href":"https:\/\/nedir.az\/adinin-menasi-nedir\/wp-json\/wp\/v2\/comments?post=4929"}],"version-history":[{"count":0,"href":"https:\/\/nedir.az\/adinin-menasi-nedir\/wp-json\/wp\/v2\/posts\/4929\/revisions"}],"wp:attachment":[{"href":"https:\/\/nedir.az\/adinin-menasi-nedir\/wp-json\/wp\/v2\/media?parent=4929"}],"wp:term":[{"taxonomy":"category","embeddable":true,"href":"https:\/\/nedir.az\/adinin-menasi-nedir\/wp-json\/wp\/v2\/categories?post=4929"},{"taxonomy":"post_tag","embeddable":true,"href":"https:\/\/nedir.az\/adinin-menasi-nedir\/wp-json\/wp\/v2\/tags?post=4929"}],"curies":[{"name":"wp","href":"https:\/\/api.w.org\/{rel}","templated":true}]}}