{"id":4214,"date":"2021-02-21T21:45:09","date_gmt":"2021-02-21T18:45:09","guid":{"rendered":"https:\/\/wikiapp.org\/az\/adlarin-menasi\/n%c9%99sib%c9%99-adinin-menasi-nedir"},"modified":"2021-02-21T21:45:09","modified_gmt":"2021-02-21T18:45:09","slug":"n%c9%99sib%c9%99","status":"publish","type":"post","link":"https:\/\/nedir.az\/adinin-menasi-nedir\/n%c9%99sib%c9%99\/","title":{"rendered":"N\u018fS\u0130B\u018f"},"content":{"rendered":"<\/p>\n<article>\n<h1>\n\t\t\t\t\t\tN\u018fS\u0130B\u018f\t\t\t\t\t\t\t\t\t\t\t<\/h1>\n<div>\n\t\t\t\t\t\tyax\u0131n, do\u011fma; \u0259sil-n\u0259cab\u0259tli, qohum.\t\t\t\t\t<\/div>\n<\/article>\n<p>\u00a0<\/p>\n<p>\u00a0<\/p>\n<p><span style=\"font-size: 10px;color: #ffffff\">N\u018fS\u0130B\u018f ad\u0131n\u0131n m\u0259nas\u0131 &#8211; N\u018fS\u0130B\u018f adinin menasi &#8211; N\u018fS\u0130B\u018f s\u00f6z\u00fcn\u00fcn m\u0259nas\u0131 &#8211; N\u018fS\u0130B\u018f adinin menasi haqqinda m\u0259lumat &#8211; N\u018fS\u0130B\u018f ad\u0131 haqq\u0131nda &#8211; N\u018fS\u0130B\u018f ne demekdir? &#8211; N\u018fS\u0130B\u018f azerbaycanca adlarin menasi &#8211; N\u018fS\u0130B\u018f ad\u0131n\u0131n m\u0259nas\u0131 &#8211; N\u018fS\u0130B\u018f ad\u0131n\u0131n m\u0259n\u015f\u0259yi &#8211; N\u018fS\u0130B\u018f sozunun menasi &#8211; N\u018fS\u0130B\u018f adi hansi dilde? hans\u0131 dild\u0259? <\/span><\/p>\n","protected":false},"excerpt":{"rendered":"<p>N\u018fS\u0130B\u018f yax\u0131n, do\u011fma; \u0259sil-n\u0259cab\u0259tli, qohum. \u00a0 \u00a0 N\u018fS\u0130B\u018f ad\u0131n\u0131n m\u0259nas\u0131 &#8211; N\u018fS\u0130B\u018f adinin menasi &#8211; N\u018fS\u0130B\u018f s\u00f6z\u00fcn\u00fcn m\u0259nas\u0131 &#8211; N\u018fS\u0130B\u018f adinin menasi haqqinda m\u0259lumat &#8211; N\u018fS\u0130B\u018f ad\u0131 haqq\u0131nda &#8211; N\u018fS\u0130B\u018f ne demekdir? &#8211; N\u018fS\u0130B\u018f azerbaycanca adlarin menasi &#8211; N\u018fS\u0130B\u018f ad\u0131n\u0131n m\u0259nas\u0131 &#8211; N\u018fS\u0130B\u018f ad\u0131n\u0131n m\u0259n\u015f\u0259yi &#8211; N\u018fS\u0130B\u018f sozunun menasi &#8211; N\u018fS\u0130B\u018f adi hansi dilde? hans\u0131 &#8230; <a title=\"N\u018fS\u0130B\u018f\" class=\"read-more\" href=\"https:\/\/nedir.az\/adinin-menasi-nedir\/n%c9%99sib%c9%99\/\" aria-label=\"Read more about N\u018fS\u0130B\u018f\">Read more<\/a><\/p>\n","protected":false},"author":1,"featured_media":0,"comment_status":"open","ping_status":"open","sticky":false,"template":"","format":"standard","meta":{"footnotes":""},"categories":[2],"tags":[],"class_list":["post-4214","post","type-post","status-publish","format-standard","hentry","category-azrbaycan-kisi-adlarinin-izahli-lugti"],"aioseo_notices":[],"_links":{"self":[{"href":"https:\/\/nedir.az\/adinin-menasi-nedir\/wp-json\/wp\/v2\/posts\/4214","targetHints":{"allow":["GET"]}}],"collection":[{"href":"https:\/\/nedir.az\/adinin-menasi-nedir\/wp-json\/wp\/v2\/posts"}],"about":[{"href":"https:\/\/nedir.az\/adinin-menasi-nedir\/wp-json\/wp\/v2\/types\/post"}],"author":[{"embeddable":true,"href":"https:\/\/nedir.az\/adinin-menasi-nedir\/wp-json\/wp\/v2\/users\/1"}],"replies":[{"embeddable":true,"href":"https:\/\/nedir.az\/adinin-menasi-nedir\/wp-json\/wp\/v2\/comments?post=4214"}],"version-history":[{"count":0,"href":"https:\/\/nedir.az\/adinin-menasi-nedir\/wp-json\/wp\/v2\/posts\/4214\/revisions"}],"wp:attachment":[{"href":"https:\/\/nedir.az\/adinin-menasi-nedir\/wp-json\/wp\/v2\/media?parent=4214"}],"wp:term":[{"taxonomy":"category","embeddable":true,"href":"https:\/\/nedir.az\/adinin-menasi-nedir\/wp-json\/wp\/v2\/categories?post=4214"},{"taxonomy":"post_tag","embeddable":true,"href":"https:\/\/nedir.az\/adinin-menasi-nedir\/wp-json\/wp\/v2\/tags?post=4214"}],"curies":[{"name":"wp","href":"https:\/\/api.w.org\/{rel}","templated":true}]}}