{"id":2739,"date":"2021-02-21T21:25:04","date_gmt":"2021-02-21T18:25:04","guid":{"rendered":"https:\/\/wikiapp.org\/az\/adlarin-menasi\/ibadulla-adinin-menasi-nedir"},"modified":"2021-02-21T21:25:04","modified_gmt":"2021-02-21T18:25:04","slug":"ibadulla","status":"publish","type":"post","link":"https:\/\/nedir.az\/adinin-menasi-nedir\/ibadulla\/","title":{"rendered":"\u0130BADULLA"},"content":{"rendered":"<\/p>\n<article>\n<h1>\n\t\t\t\t\t\t\u0130BADULLA\t\t\t\t\t\t\t\t\t\t\t<\/h1>\n<div>\n\t\t\t\t\t\tAllah\u0131n qullar\u0131, k\u00f6l\u0259l\u0259ri, b\u0259nd\u0259l\u0259ri.\t\t\t\t\t<\/div>\n<\/article>\n<p>\u00a0<\/p>\n<p>\u00a0<\/p>\n<p><span style=\"font-size: 10px;color: #ffffff\">\u0130BADULLA ad\u0131n\u0131n m\u0259nas\u0131 &#8211; \u0130BADULLA adinin menasi &#8211; \u0130BADULLA s\u00f6z\u00fcn\u00fcn m\u0259nas\u0131 &#8211; \u0130BADULLA adinin menasi haqqinda m\u0259lumat &#8211; \u0130BADULLA ad\u0131 haqq\u0131nda &#8211; \u0130BADULLA ne demekdir? &#8211; \u0130BADULLA azerbaycanca adlarin menasi &#8211; \u0130BADULLA ad\u0131n\u0131n m\u0259nas\u0131 &#8211; \u0130BADULLA ad\u0131n\u0131n m\u0259n\u015f\u0259yi &#8211; \u0130BADULLA sozunun menasi &#8211; \u0130BADULLA adi hansi dilde? hans\u0131 dild\u0259? <\/span><\/p>\n","protected":false},"excerpt":{"rendered":"<p>\u0130BADULLA Allah\u0131n qullar\u0131, k\u00f6l\u0259l\u0259ri, b\u0259nd\u0259l\u0259ri. \u00a0 \u00a0 \u0130BADULLA ad\u0131n\u0131n m\u0259nas\u0131 &#8211; \u0130BADULLA adinin menasi &#8211; \u0130BADULLA s\u00f6z\u00fcn\u00fcn m\u0259nas\u0131 &#8211; \u0130BADULLA adinin menasi haqqinda m\u0259lumat &#8211; \u0130BADULLA ad\u0131 haqq\u0131nda &#8211; \u0130BADULLA ne demekdir? &#8211; \u0130BADULLA azerbaycanca adlarin menasi &#8211; \u0130BADULLA ad\u0131n\u0131n m\u0259nas\u0131 &#8211; \u0130BADULLA ad\u0131n\u0131n m\u0259n\u015f\u0259yi &#8211; \u0130BADULLA sozunun menasi &#8211; \u0130BADULLA adi hansi dilde? hans\u0131 &#8230; <a title=\"\u0130BADULLA\" class=\"read-more\" href=\"https:\/\/nedir.az\/adinin-menasi-nedir\/ibadulla\/\" aria-label=\"Read more about \u0130BADULLA\">Read more<\/a><\/p>\n","protected":false},"author":1,"featured_media":0,"comment_status":"open","ping_status":"open","sticky":false,"template":"","format":"standard","meta":{"footnotes":""},"categories":[2],"tags":[],"class_list":["post-2739","post","type-post","status-publish","format-standard","hentry","category-azrbaycan-kisi-adlarinin-izahli-lugti"],"aioseo_notices":[],"_links":{"self":[{"href":"https:\/\/nedir.az\/adinin-menasi-nedir\/wp-json\/wp\/v2\/posts\/2739","targetHints":{"allow":["GET"]}}],"collection":[{"href":"https:\/\/nedir.az\/adinin-menasi-nedir\/wp-json\/wp\/v2\/posts"}],"about":[{"href":"https:\/\/nedir.az\/adinin-menasi-nedir\/wp-json\/wp\/v2\/types\/post"}],"author":[{"embeddable":true,"href":"https:\/\/nedir.az\/adinin-menasi-nedir\/wp-json\/wp\/v2\/users\/1"}],"replies":[{"embeddable":true,"href":"https:\/\/nedir.az\/adinin-menasi-nedir\/wp-json\/wp\/v2\/comments?post=2739"}],"version-history":[{"count":0,"href":"https:\/\/nedir.az\/adinin-menasi-nedir\/wp-json\/wp\/v2\/posts\/2739\/revisions"}],"wp:attachment":[{"href":"https:\/\/nedir.az\/adinin-menasi-nedir\/wp-json\/wp\/v2\/media?parent=2739"}],"wp:term":[{"taxonomy":"category","embeddable":true,"href":"https:\/\/nedir.az\/adinin-menasi-nedir\/wp-json\/wp\/v2\/categories?post=2739"},{"taxonomy":"post_tag","embeddable":true,"href":"https:\/\/nedir.az\/adinin-menasi-nedir\/wp-json\/wp\/v2\/tags?post=2739"}],"curies":[{"name":"wp","href":"https:\/\/api.w.org\/{rel}","templated":true}]}}