{"id":2350,"date":"2021-02-21T21:20:21","date_gmt":"2021-02-21T18:20:21","guid":{"rendered":"https:\/\/wikiapp.org\/az\/adlarin-menasi\/hamil-adinin-menasi-nedir"},"modified":"2021-02-21T21:20:21","modified_gmt":"2021-02-21T18:20:21","slug":"hamil","status":"publish","type":"post","link":"https:\/\/nedir.az\/adinin-menasi-nedir\/hamil\/","title":{"rendered":"HAM\u0130L"},"content":{"rendered":"<\/p>\n<article>\n<h1>\n\t\t\t\t\t\tHAM\u0130L\t\t\t\t\t\t\t\t\t\t\t<\/h1>\n<div>\n\t\t\t\t\t\ty\u00fckl\u00fc, y\u00fckl\u0259nmi\u015f; malik olan; sahib, yiy\u0259.\t\t\t\t\t<\/div>\n<\/article>\n<p>\u00a0<\/p>\n<p>\u00a0<\/p>\n<p><span style=\"font-size: 10px;color: #ffffff\">HAM\u0130L ad\u0131n\u0131n m\u0259nas\u0131 &#8211; HAM\u0130L adinin menasi &#8211; HAM\u0130L s\u00f6z\u00fcn\u00fcn m\u0259nas\u0131 &#8211; HAM\u0130L adinin menasi haqqinda m\u0259lumat &#8211; HAM\u0130L ad\u0131 haqq\u0131nda &#8211; HAM\u0130L ne demekdir? &#8211; HAM\u0130L azerbaycanca adlarin menasi &#8211; HAM\u0130L ad\u0131n\u0131n m\u0259nas\u0131 &#8211; HAM\u0130L ad\u0131n\u0131n m\u0259n\u015f\u0259yi &#8211; HAM\u0130L sozunun menasi &#8211; HAM\u0130L adi hansi dilde? hans\u0131 dild\u0259? <\/span><\/p>\n","protected":false},"excerpt":{"rendered":"<p>HAM\u0130L y\u00fckl\u00fc, y\u00fckl\u0259nmi\u015f; malik olan; sahib, yiy\u0259. \u00a0 \u00a0 HAM\u0130L ad\u0131n\u0131n m\u0259nas\u0131 &#8211; HAM\u0130L adinin menasi &#8211; HAM\u0130L s\u00f6z\u00fcn\u00fcn m\u0259nas\u0131 &#8211; HAM\u0130L adinin menasi haqqinda m\u0259lumat &#8211; HAM\u0130L ad\u0131 haqq\u0131nda &#8211; HAM\u0130L ne demekdir? &#8211; HAM\u0130L azerbaycanca adlarin menasi &#8211; HAM\u0130L ad\u0131n\u0131n m\u0259nas\u0131 &#8211; HAM\u0130L ad\u0131n\u0131n m\u0259n\u015f\u0259yi &#8211; HAM\u0130L sozunun menasi &#8211; HAM\u0130L adi hansi &#8230; <a title=\"HAM\u0130L\" class=\"read-more\" href=\"https:\/\/nedir.az\/adinin-menasi-nedir\/hamil\/\" aria-label=\"Read more about HAM\u0130L\">Read more<\/a><\/p>\n","protected":false},"author":1,"featured_media":0,"comment_status":"open","ping_status":"open","sticky":false,"template":"","format":"standard","meta":{"footnotes":""},"categories":[2],"tags":[],"class_list":["post-2350","post","type-post","status-publish","format-standard","hentry","category-azrbaycan-kisi-adlarinin-izahli-lugti"],"aioseo_notices":[],"_links":{"self":[{"href":"https:\/\/nedir.az\/adinin-menasi-nedir\/wp-json\/wp\/v2\/posts\/2350","targetHints":{"allow":["GET"]}}],"collection":[{"href":"https:\/\/nedir.az\/adinin-menasi-nedir\/wp-json\/wp\/v2\/posts"}],"about":[{"href":"https:\/\/nedir.az\/adinin-menasi-nedir\/wp-json\/wp\/v2\/types\/post"}],"author":[{"embeddable":true,"href":"https:\/\/nedir.az\/adinin-menasi-nedir\/wp-json\/wp\/v2\/users\/1"}],"replies":[{"embeddable":true,"href":"https:\/\/nedir.az\/adinin-menasi-nedir\/wp-json\/wp\/v2\/comments?post=2350"}],"version-history":[{"count":0,"href":"https:\/\/nedir.az\/adinin-menasi-nedir\/wp-json\/wp\/v2\/posts\/2350\/revisions"}],"wp:attachment":[{"href":"https:\/\/nedir.az\/adinin-menasi-nedir\/wp-json\/wp\/v2\/media?parent=2350"}],"wp:term":[{"taxonomy":"category","embeddable":true,"href":"https:\/\/nedir.az\/adinin-menasi-nedir\/wp-json\/wp\/v2\/categories?post=2350"},{"taxonomy":"post_tag","embeddable":true,"href":"https:\/\/nedir.az\/adinin-menasi-nedir\/wp-json\/wp\/v2\/tags?post=2350"}],"curies":[{"name":"wp","href":"https:\/\/api.w.org\/{rel}","templated":true}]}}